{"id":6259,"date":"2025-09-04T12:00:00","date_gmt":"2025-09-04T12:00:00","guid":{"rendered":"https:\/\/aprendiendoenverde.com\/ar\/?p=6259"},"modified":"2025-09-02T23:47:37","modified_gmt":"2025-09-02T23:47:37","slug":"defendamos-los-boques-y-selvas","status":"publish","type":"post","link":"https:\/\/aprendiendoenverde.com\/ar\/2025\/09\/04\/defendamos-los-boques-y-selvas\/","title":{"rendered":"Defendamos los boques y selvas"},"content":{"rendered":"\n<p><strong>Por Cristi\u00e1n Frers \u2013 T\u00e9cnico Superior en Gesti\u00f3n Ambiental y T\u00e9cnico Superior en Comunicaci\u00f3n Social (Periodista).<\/strong><\/p>\n\n\n\n<p>Los bosques son ecosistemas imprescindibles para la vida, formados sobre todo por \u00e1rboles. Son el h\u00e1bitat de multitud de seres vivos: regulan el agua, conservan el suelo, la atm\u00f3sfera y suministran&nbsp;una gran diversidad de productos \u00fatiles para satisfacer las necesidades humanas.<\/p>\n\n\n\n<p>De los bosques obtenemos una serie de bienes y beneficios indispensables para nuestra supervivencia: alimentos vegetales y animales, maderas, le\u00f1os, frutos, plantas medicinales, su sombra para proteger a los animales del calor y otros.<\/p>\n\n\n\n<p>La cadena que comienza con\u00a0la tala de un \u00e1rbol, en un punto del planeta, es equivalente a la ausencia de un eslab\u00f3n en una gran cadena, de tal modo que, lo que parece insignificante en s\u00ed mismo se torna primordial en el\u00a0<strong>tejido<\/strong>\u00a0medio ambiental.\u00a0La\u00a0deforestaci\u00f3n\u00a0es un proceso provocado, por lo general, por la acci\u00f3n humana, en donde se destruye la superficie forestal.\u00a0Principalmente debido a las talas o quemas realizadas por la industria maderera, as\u00ed como para modificar el suelo para la agricultura y ganader\u00eda.<\/p>\n\n\n\n<p>Talar \u00e1rboles sin una eficiente reforestaci\u00f3n causa un serio da\u00f1o al h\u00e1bitat, que obtiene como resultado una p\u00e9rdida de biodiversidad y aridez. Deja tambi\u00e9n un impacto adverso en la fijaci\u00f3n de carbono atmosf\u00e9rico (CO<sub>2<\/sub>).<\/p>\n\n\n\n<p>Las regiones deforestadas tienden a una erosi\u00f3n del suelo y con frecuencia&nbsp;se degradan&nbsp;convirti\u00e9ndose en tierras no productivas.<\/p>\n\n\n\n<p>Entre los factores que llevan a la deforestaci\u00f3n en gran escala se cuentan: el descuido e ignorancia del valor intr\u00ednseco, la falta de valor atribuido, el manejo poco responsable de esta pr\u00e1ctica con leyes medioambientales deficientes.<\/p>\n\n\n\n<p>Los bosques y selvas, adem\u00e1s de concentrar considerable biodiversidad<strong>,<\/strong> juegan un papel fundamental en la regulaci\u00f3n clim\u00e1tica,\u00a0el mantenimiento de las fuentes y caudales de agua y la conservaci\u00f3n de los suelos. Son la esponja natural y un paraguas protector. Cuando se pierden bosques, la naturaleza se vuelve m\u00e1s vulnerable ante las intensas lluvias y se corre serios riesgos de inundaciones, pues\u00a0las cuencas pierden su capacidad de controlar los caudales de agua,\u00a0riachuelos y r\u00edos experimentando r\u00e1pidas fluctuaciones,\u00a0que a menudo\u00a0dejan como resultado desastrosas inundaciones,\u00a0r\u00edo abajo.<\/p>\n\n\n\n<p>Seg\u00fan datos de\u00a0la Secretar\u00eda\u00a0de Ambiente y Desarrollo Sustentable de\u00a0la Naci\u00f3n, desde la sanci\u00f3n de\u00a0la Ley\u00a0de Bosques (noviembre de 2007) hasta la actualidad, se deforestaron en\u00a0la Argentina\u00a0m\u00e1s de\u00a0<strong><em>dos millones de hect\u00e1reas<\/em>,\u00a0<em>de las cuales\u00a0620.000 eran bosques protegidos.\u00a0La provincia de Entre R\u00edos perdi\u00f3 m\u00e1s de 85.000<\/em><\/strong>\u00a0hect\u00e1reas de montes nativos.\u00a0Esta provincia es la m\u00e1s afectada por las crecidas, con m\u00e1s de 20.000 personas desplazadas de sus hogares. En el pa\u00eds, se talaron unas 300.000 hect\u00e1reas de \u00e1rboles nativos cada a\u00f1o y, a ese ritmo, en los pr\u00f3ximos cien a\u00f1os no quedar\u00e1 un solo \u00e1rbol de pie.\u00a0<\/p>\n\n\n\n<figure class=\"wp-block-image size-large\"><img loading=\"lazy\" decoding=\"async\" width=\"1024\" height=\"683\" src=\"https:\/\/aprendiendoenverde.com\/ar\/wp-content\/uploads\/2025\/09\/pexels-pok-rie-33563-1268076-1024x683.jpg\" alt=\"\" class=\"wp-image-6260\" srcset=\"https:\/\/aprendiendoenverde.com\/ar\/wp-content\/uploads\/2025\/09\/pexels-pok-rie-33563-1268076-1024x683.jpg 1024w, https:\/\/aprendiendoenverde.com\/ar\/wp-content\/uploads\/2025\/09\/pexels-pok-rie-33563-1268076-300x200.jpg 300w, https:\/\/aprendiendoenverde.com\/ar\/wp-content\/uploads\/2025\/09\/pexels-pok-rie-33563-1268076-768x512.jpg 768w, https:\/\/aprendiendoenverde.com\/ar\/wp-content\/uploads\/2025\/09\/pexels-pok-rie-33563-1268076-1536x1024.jpg 1536w, https:\/\/aprendiendoenverde.com\/ar\/wp-content\/uploads\/2025\/09\/pexels-pok-rie-33563-1268076-2048x1365.jpg 2048w, https:\/\/aprendiendoenverde.com\/ar\/wp-content\/uploads\/2025\/09\/pexels-pok-rie-33563-1268076-1568x1045.jpg 1568w\" sizes=\"auto, (max-width: 1024px) 100vw, 1024px\" \/><\/figure>\n\n\n\n<p><strong>La pregunta que muchos se hacen es:<\/strong> <strong>\u00bfpara que cuidar los bosques? <\/strong>La respuesta es muy sencilla: por la importante\u00a0producci\u00f3n de ox\u00edgeno atmosf\u00e9rico para la conservaci\u00f3n del suelo, la regulaci\u00f3n del clima y el albergue de un sinn\u00famero de especies tanto animales como vegetales, convirti\u00e9ndolos en ecosistemas indispensables para la conservaci\u00f3n de la vida en el planeta. El uso de los recursos debe tener un car\u00e1cter ordenado y defendible, involucrando en su participaci\u00f3n a las comunidades locales de las provincias y de\u00a0la Naci\u00f3n. Se\u00a0debe proteger las muestras representativas de esos ecosistemas, utilizar con responsabilidad los recursos naturales y restaurar los bosques y selvas destruidos o degradados.<\/p>\n\n\n\n<p>En definitiva, es un reto al alcance planetario, ya que el sobrecalentamiento en la tierra tiene -y tendr\u00e1 a\u00fan m\u00e1s- impactos brutales sobre la salud, con la falta de acceso a los alimentos y al agua potable, el desarrollo de nuevas enfermedades, el aumento de la frecuencia y la intensidad de fen\u00f3menos meteorol\u00f3gicos extremos: terremotos, erupciones en volcanes desde a\u00f1os apagados, temblores,maremotos, sequ\u00edas, serias inundaciones.Enormes son los beneficios que obtiene el ser humano, como resultado de las funciones de estos ecosistemas, los cuales ayudan a proteger la vida en la tierra.<\/p>\n\n\n\n<p>Un pa\u00eds que no cuida sus bosques no puede plantearse seriamente ser \u201cuna naci\u00f3n que tiene el eje ambiental como una pol\u00edtica de Estado\u201d.<\/p>\n","protected":false},"excerpt":{"rendered":"<p>Por Cristi\u00e1n Frers \u2013 T\u00e9cnico Superior en Gesti\u00f3n Ambiental y T\u00e9cnico Superior en Comunicaci\u00f3n Social (Periodista). Los bosques son ecosistemas imprescindibles para la vida, formados sobre todo por \u00e1rboles. Son el h\u00e1bitat de multitud de seres vivos: regulan el agua, conservan el suelo, la atm\u00f3sfera y suministran&nbsp;una gran diversidad de productos \u00fatiles para satisfacer las &hellip; <\/p>\n<p class=\"link-more\"><a href=\"https:\/\/aprendiendoenverde.com\/ar\/2025\/09\/04\/defendamos-los-boques-y-selvas\/\" class=\"more-link\">Seguir leyendo<span class=\"screen-reader-text\"> \u00abDefendamos los boques y selvas\u00bb<\/span><\/a><\/p>\n","protected":false},"author":1,"featured_media":6261,"comment_status":"open","ping_status":"open","sticky":false,"template":"","format":"standard","meta":{"footnotes":""},"categories":[1],"tags":[],"class_list":["post-6259","post","type-post","status-publish","format-standard","has-post-thumbnail","hentry","category-sin-categoria","entry"],"yoast_head":"<!-- This site is optimized with the Yoast SEO plugin v20.7 - https:\/\/yoast.com\/wordpress\/plugins\/seo\/ -->\n<title>Defendamos los boques y selvas | Aprendiendo en Verde<\/title>\n<meta name=\"robots\" content=\"index, follow, max-snippet:-1, max-image-preview:large, max-video-preview:-1\" \/>\n<link rel=\"canonical\" href=\"https:\/\/aprendiendoenverde.com\/ar\/2025\/09\/04\/defendamos-los-boques-y-selvas\/\" \/>\n<meta property=\"og:locale\" content=\"es_ES\" \/>\n<meta property=\"og:type\" content=\"article\" \/>\n<meta property=\"og:title\" content=\"Defendamos los boques y selvas | Aprendiendo en Verde\" \/>\n<meta property=\"og:description\" content=\"Por Cristi\u00e1n Frers \u2013 T\u00e9cnico Superior en Gesti\u00f3n Ambiental y T\u00e9cnico Superior en Comunicaci\u00f3n Social (Periodista). Los bosques son ecosistemas imprescindibles para la vida, formados sobre todo por \u00e1rboles. Son el h\u00e1bitat de multitud de seres vivos: regulan el agua, conservan el suelo, la atm\u00f3sfera y suministran&nbsp;una gran diversidad de productos \u00fatiles para satisfacer las &hellip; Seguir leyendo \u00abDefendamos los boques y selvas\u00bb\" \/>\n<meta property=\"og:url\" content=\"https:\/\/aprendiendoenverde.com\/ar\/2025\/09\/04\/defendamos-los-boques-y-selvas\/\" \/>\n<meta property=\"og:site_name\" content=\"Aprendiendo en Verde\" \/>\n<meta property=\"article:author\" content=\"https:\/\/www.facebook.com\/share\/19to4fZ2LP\/\" \/>\n<meta property=\"article:published_time\" content=\"2025-09-04T12:00:00+00:00\" \/>\n<meta property=\"article:modified_time\" content=\"2025-09-02T23:47:37+00:00\" \/>\n<meta property=\"og:image\" content=\"https:\/\/aprendiendoenverde.com\/ar\/wp-content\/uploads\/2025\/09\/pexels-karolina-grabowska-4206118-scaled.jpg\" \/>\n\t<meta property=\"og:image:width\" content=\"2560\" \/>\n\t<meta property=\"og:image:height\" content=\"1707\" \/>\n\t<meta property=\"og:image:type\" content=\"image\/jpeg\" \/>\n<meta name=\"author\" content=\"Aprendiendo en Verde\" \/>\n<meta name=\"twitter:card\" content=\"summary_large_image\" \/>\n<meta name=\"twitter:label1\" content=\"Escrito por\" \/>\n\t<meta name=\"twitter:data1\" content=\"Aprendiendo en Verde\" \/>\n\t<meta name=\"twitter:label2\" content=\"Tiempo de lectura\" \/>\n\t<meta name=\"twitter:data2\" content=\"4 minutos\" \/>\n<script type=\"application\/ld+json\" class=\"yoast-schema-graph\">{\"@context\":\"https:\/\/schema.org\",\"@graph\":[{\"@type\":\"Article\",\"@id\":\"https:\/\/aprendiendoenverde.com\/ar\/2025\/09\/04\/defendamos-los-boques-y-selvas\/#article\",\"isPartOf\":{\"@id\":\"https:\/\/aprendiendoenverde.com\/ar\/2025\/09\/04\/defendamos-los-boques-y-selvas\/\"},\"author\":{\"name\":\"Aprendiendo en Verde\",\"@id\":\"https:\/\/aprendiendoenverde.com\/ar\/#\/schema\/person\/3ef09bbdd6bff1ac3504fbe0b3513250\"},\"headline\":\"Defendamos los boques y selvas\",\"datePublished\":\"2025-09-04T12:00:00+00:00\",\"dateModified\":\"2025-09-02T23:47:37+00:00\",\"mainEntityOfPage\":{\"@id\":\"https:\/\/aprendiendoenverde.com\/ar\/2025\/09\/04\/defendamos-los-boques-y-selvas\/\"},\"wordCount\":760,\"commentCount\":0,\"publisher\":{\"@id\":\"https:\/\/aprendiendoenverde.com\/ar\/#organization\"},\"inLanguage\":\"es\",\"potentialAction\":[{\"@type\":\"CommentAction\",\"name\":\"Comment\",\"target\":[\"https:\/\/aprendiendoenverde.com\/ar\/2025\/09\/04\/defendamos-los-boques-y-selvas\/#respond\"]}]},{\"@type\":\"WebPage\",\"@id\":\"https:\/\/aprendiendoenverde.com\/ar\/2025\/09\/04\/defendamos-los-boques-y-selvas\/\",\"url\":\"https:\/\/aprendiendoenverde.com\/ar\/2025\/09\/04\/defendamos-los-boques-y-selvas\/\",\"name\":\"Defendamos los boques y selvas | Aprendiendo en Verde\",\"isPartOf\":{\"@id\":\"https:\/\/aprendiendoenverde.com\/ar\/#website\"},\"datePublished\":\"2025-09-04T12:00:00+00:00\",\"dateModified\":\"2025-09-02T23:47:37+00:00\",\"breadcrumb\":{\"@id\":\"https:\/\/aprendiendoenverde.com\/ar\/2025\/09\/04\/defendamos-los-boques-y-selvas\/#breadcrumb\"},\"inLanguage\":\"es\",\"potentialAction\":[{\"@type\":\"ReadAction\",\"target\":[\"https:\/\/aprendiendoenverde.com\/ar\/2025\/09\/04\/defendamos-los-boques-y-selvas\/\"]}]},{\"@type\":\"BreadcrumbList\",\"@id\":\"https:\/\/aprendiendoenverde.com\/ar\/2025\/09\/04\/defendamos-los-boques-y-selvas\/#breadcrumb\",\"itemListElement\":[{\"@type\":\"ListItem\",\"position\":1,\"name\":\"Home\",\"item\":\"https:\/\/aprendiendoenverde.com\/ar\/\"},{\"@type\":\"ListItem\",\"position\":2,\"name\":\"Defendamos los boques y selvas\"}]},{\"@type\":\"WebSite\",\"@id\":\"https:\/\/aprendiendoenverde.com\/ar\/#website\",\"url\":\"https:\/\/aprendiendoenverde.com\/ar\/\",\"name\":\"Aprendiendo en Verde\",\"description\":\"Educaci\u00f3n y Gesti\u00f3n Ambiental\",\"publisher\":{\"@id\":\"https:\/\/aprendiendoenverde.com\/ar\/#organization\"},\"potentialAction\":[{\"@type\":\"SearchAction\",\"target\":{\"@type\":\"EntryPoint\",\"urlTemplate\":\"https:\/\/aprendiendoenverde.com\/ar\/?s={search_term_string}\"},\"query-input\":\"required name=search_term_string\"}],\"inLanguage\":\"es\"},{\"@type\":\"Organization\",\"@id\":\"https:\/\/aprendiendoenverde.com\/ar\/#organization\",\"name\":\"Aprendiendo en Verde\",\"url\":\"https:\/\/aprendiendoenverde.com\/ar\/\",\"logo\":{\"@type\":\"ImageObject\",\"inLanguage\":\"es\",\"@id\":\"https:\/\/aprendiendoenverde.com\/ar\/#\/schema\/logo\/image\/\",\"url\":\"https:\/\/aprendiendoenverde.com\/ar\/wp-content\/uploads\/2021\/02\/cropped-logo-forma-circular.png\",\"contentUrl\":\"https:\/\/aprendiendoenverde.com\/ar\/wp-content\/uploads\/2021\/02\/cropped-logo-forma-circular.png\",\"width\":512,\"height\":512,\"caption\":\"Aprendiendo en Verde\"},\"image\":{\"@id\":\"https:\/\/aprendiendoenverde.com\/ar\/#\/schema\/logo\/image\/\"}},{\"@type\":\"Person\",\"@id\":\"https:\/\/aprendiendoenverde.com\/ar\/#\/schema\/person\/3ef09bbdd6bff1ac3504fbe0b3513250\",\"name\":\"Aprendiendo en Verde\",\"image\":{\"@type\":\"ImageObject\",\"inLanguage\":\"es\",\"@id\":\"https:\/\/aprendiendoenverde.com\/ar\/#\/schema\/person\/image\/\",\"url\":\"https:\/\/secure.gravatar.com\/avatar\/da0d0f666f4186a34f483cd2eca07e55b1b3407d3bbe882bf63b6ce23d1a2d07?s=96&d=mm&r=g\",\"contentUrl\":\"https:\/\/secure.gravatar.com\/avatar\/da0d0f666f4186a34f483cd2eca07e55b1b3407d3bbe882bf63b6ce23d1a2d07?s=96&d=mm&r=g\",\"caption\":\"Aprendiendo en Verde\"},\"description\":\"Blog Aprendiendo en Verde - Fundaci\u00f3n Espacios Verdes: ONG Ambiental Nacional que desde 1991 promueve la educaci\u00f3n, conservaci\u00f3n y divulgaci\u00f3n para la sustentabilidad.\",\"sameAs\":[\"http:\/\/www.fev.org.ar\",\"https:\/\/www.facebook.com\/share\/19to4fZ2LP\/\",\"https:\/\/www.instagram.com\/educacionfev?igsh=NTJid212c3l6c2J0\",\"https:\/\/www.linkedin.com\/company\/fundacionespaciosverdes\/\",\"https:\/\/youtube.com\/@fevargentina?feature=shared\"],\"url\":\"https:\/\/aprendiendoenverde.com\/ar\/author\/admin\/\"}]}<\/script>\n<!-- \/ Yoast SEO plugin. -->","yoast_head_json":{"title":"Defendamos los boques y selvas | Aprendiendo en Verde","robots":{"index":"index","follow":"follow","max-snippet":"max-snippet:-1","max-image-preview":"max-image-preview:large","max-video-preview":"max-video-preview:-1"},"canonical":"https:\/\/aprendiendoenverde.com\/ar\/2025\/09\/04\/defendamos-los-boques-y-selvas\/","og_locale":"es_ES","og_type":"article","og_title":"Defendamos los boques y selvas | Aprendiendo en Verde","og_description":"Por Cristi\u00e1n Frers \u2013 T\u00e9cnico Superior en Gesti\u00f3n Ambiental y T\u00e9cnico Superior en Comunicaci\u00f3n Social (Periodista). Los bosques son ecosistemas imprescindibles para la vida, formados sobre todo por \u00e1rboles. Son el h\u00e1bitat de multitud de seres vivos: regulan el agua, conservan el suelo, la atm\u00f3sfera y suministran&nbsp;una gran diversidad de productos \u00fatiles para satisfacer las &hellip; Seguir leyendo \u00abDefendamos los boques y selvas\u00bb","og_url":"https:\/\/aprendiendoenverde.com\/ar\/2025\/09\/04\/defendamos-los-boques-y-selvas\/","og_site_name":"Aprendiendo en Verde","article_author":"https:\/\/www.facebook.com\/share\/19to4fZ2LP\/","article_published_time":"2025-09-04T12:00:00+00:00","article_modified_time":"2025-09-02T23:47:37+00:00","og_image":[{"width":2560,"height":1707,"url":"https:\/\/aprendiendoenverde.com\/ar\/wp-content\/uploads\/2025\/09\/pexels-karolina-grabowska-4206118-scaled.jpg","type":"image\/jpeg"}],"author":"Aprendiendo en Verde","twitter_card":"summary_large_image","twitter_misc":{"Escrito por":"Aprendiendo en Verde","Tiempo de lectura":"4 minutos"},"schema":{"@context":"https:\/\/schema.org","@graph":[{"@type":"Article","@id":"https:\/\/aprendiendoenverde.com\/ar\/2025\/09\/04\/defendamos-los-boques-y-selvas\/#article","isPartOf":{"@id":"https:\/\/aprendiendoenverde.com\/ar\/2025\/09\/04\/defendamos-los-boques-y-selvas\/"},"author":{"name":"Aprendiendo en Verde","@id":"https:\/\/aprendiendoenverde.com\/ar\/#\/schema\/person\/3ef09bbdd6bff1ac3504fbe0b3513250"},"headline":"Defendamos los boques y selvas","datePublished":"2025-09-04T12:00:00+00:00","dateModified":"2025-09-02T23:47:37+00:00","mainEntityOfPage":{"@id":"https:\/\/aprendiendoenverde.com\/ar\/2025\/09\/04\/defendamos-los-boques-y-selvas\/"},"wordCount":760,"commentCount":0,"publisher":{"@id":"https:\/\/aprendiendoenverde.com\/ar\/#organization"},"inLanguage":"es","potentialAction":[{"@type":"CommentAction","name":"Comment","target":["https:\/\/aprendiendoenverde.com\/ar\/2025\/09\/04\/defendamos-los-boques-y-selvas\/#respond"]}]},{"@type":"WebPage","@id":"https:\/\/aprendiendoenverde.com\/ar\/2025\/09\/04\/defendamos-los-boques-y-selvas\/","url":"https:\/\/aprendiendoenverde.com\/ar\/2025\/09\/04\/defendamos-los-boques-y-selvas\/","name":"Defendamos los boques y selvas | Aprendiendo en Verde","isPartOf":{"@id":"https:\/\/aprendiendoenverde.com\/ar\/#website"},"datePublished":"2025-09-04T12:00:00+00:00","dateModified":"2025-09-02T23:47:37+00:00","breadcrumb":{"@id":"https:\/\/aprendiendoenverde.com\/ar\/2025\/09\/04\/defendamos-los-boques-y-selvas\/#breadcrumb"},"inLanguage":"es","potentialAction":[{"@type":"ReadAction","target":["https:\/\/aprendiendoenverde.com\/ar\/2025\/09\/04\/defendamos-los-boques-y-selvas\/"]}]},{"@type":"BreadcrumbList","@id":"https:\/\/aprendiendoenverde.com\/ar\/2025\/09\/04\/defendamos-los-boques-y-selvas\/#breadcrumb","itemListElement":[{"@type":"ListItem","position":1,"name":"Home","item":"https:\/\/aprendiendoenverde.com\/ar\/"},{"@type":"ListItem","position":2,"name":"Defendamos los boques y selvas"}]},{"@type":"WebSite","@id":"https:\/\/aprendiendoenverde.com\/ar\/#website","url":"https:\/\/aprendiendoenverde.com\/ar\/","name":"Aprendiendo en Verde","description":"Educaci\u00f3n y Gesti\u00f3n Ambiental","publisher":{"@id":"https:\/\/aprendiendoenverde.com\/ar\/#organization"},"potentialAction":[{"@type":"SearchAction","target":{"@type":"EntryPoint","urlTemplate":"https:\/\/aprendiendoenverde.com\/ar\/?s={search_term_string}"},"query-input":"required name=search_term_string"}],"inLanguage":"es"},{"@type":"Organization","@id":"https:\/\/aprendiendoenverde.com\/ar\/#organization","name":"Aprendiendo en Verde","url":"https:\/\/aprendiendoenverde.com\/ar\/","logo":{"@type":"ImageObject","inLanguage":"es","@id":"https:\/\/aprendiendoenverde.com\/ar\/#\/schema\/logo\/image\/","url":"https:\/\/aprendiendoenverde.com\/ar\/wp-content\/uploads\/2021\/02\/cropped-logo-forma-circular.png","contentUrl":"https:\/\/aprendiendoenverde.com\/ar\/wp-content\/uploads\/2021\/02\/cropped-logo-forma-circular.png","width":512,"height":512,"caption":"Aprendiendo en Verde"},"image":{"@id":"https:\/\/aprendiendoenverde.com\/ar\/#\/schema\/logo\/image\/"}},{"@type":"Person","@id":"https:\/\/aprendiendoenverde.com\/ar\/#\/schema\/person\/3ef09bbdd6bff1ac3504fbe0b3513250","name":"Aprendiendo en Verde","image":{"@type":"ImageObject","inLanguage":"es","@id":"https:\/\/aprendiendoenverde.com\/ar\/#\/schema\/person\/image\/","url":"https:\/\/secure.gravatar.com\/avatar\/da0d0f666f4186a34f483cd2eca07e55b1b3407d3bbe882bf63b6ce23d1a2d07?s=96&d=mm&r=g","contentUrl":"https:\/\/secure.gravatar.com\/avatar\/da0d0f666f4186a34f483cd2eca07e55b1b3407d3bbe882bf63b6ce23d1a2d07?s=96&d=mm&r=g","caption":"Aprendiendo en Verde"},"description":"Blog Aprendiendo en Verde - Fundaci\u00f3n Espacios Verdes: ONG Ambiental Nacional que desde 1991 promueve la educaci\u00f3n, conservaci\u00f3n y divulgaci\u00f3n para la sustentabilidad.","sameAs":["http:\/\/www.fev.org.ar","https:\/\/www.facebook.com\/share\/19to4fZ2LP\/","https:\/\/www.instagram.com\/educacionfev?igsh=NTJid212c3l6c2J0","https:\/\/www.linkedin.com\/company\/fundacionespaciosverdes\/","https:\/\/youtube.com\/@fevargentina?feature=shared"],"url":"https:\/\/aprendiendoenverde.com\/ar\/author\/admin\/"}]}},"_links":{"self":[{"href":"https:\/\/aprendiendoenverde.com\/ar\/wp-json\/wp\/v2\/posts\/6259","targetHints":{"allow":["GET"]}}],"collection":[{"href":"https:\/\/aprendiendoenverde.com\/ar\/wp-json\/wp\/v2\/posts"}],"about":[{"href":"https:\/\/aprendiendoenverde.com\/ar\/wp-json\/wp\/v2\/types\/post"}],"author":[{"embeddable":true,"href":"https:\/\/aprendiendoenverde.com\/ar\/wp-json\/wp\/v2\/users\/1"}],"replies":[{"embeddable":true,"href":"https:\/\/aprendiendoenverde.com\/ar\/wp-json\/wp\/v2\/comments?post=6259"}],"version-history":[{"count":1,"href":"https:\/\/aprendiendoenverde.com\/ar\/wp-json\/wp\/v2\/posts\/6259\/revisions"}],"predecessor-version":[{"id":6262,"href":"https:\/\/aprendiendoenverde.com\/ar\/wp-json\/wp\/v2\/posts\/6259\/revisions\/6262"}],"wp:featuredmedia":[{"embeddable":true,"href":"https:\/\/aprendiendoenverde.com\/ar\/wp-json\/wp\/v2\/media\/6261"}],"wp:attachment":[{"href":"https:\/\/aprendiendoenverde.com\/ar\/wp-json\/wp\/v2\/media?parent=6259"}],"wp:term":[{"taxonomy":"category","embeddable":true,"href":"https:\/\/aprendiendoenverde.com\/ar\/wp-json\/wp\/v2\/categories?post=6259"},{"taxonomy":"post_tag","embeddable":true,"href":"https:\/\/aprendiendoenverde.com\/ar\/wp-json\/wp\/v2\/tags?post=6259"}],"curies":[{"name":"wp","href":"https:\/\/api.w.org\/{rel}","templated":true}]}}