{"id":6228,"date":"2025-07-08T10:00:00","date_gmt":"2025-07-08T10:00:00","guid":{"rendered":"https:\/\/aprendiendoenverde.com\/ar\/?p=6228"},"modified":"2025-07-08T16:17:02","modified_gmt":"2025-07-08T16:17:02","slug":"la-cuenca-matanza-riachuelo-una-deuda-ambiental-que-persiste-y-un-futuro-incierto","status":"publish","type":"post","link":"https:\/\/aprendiendoenverde.com\/ar\/2025\/07\/08\/la-cuenca-matanza-riachuelo-una-deuda-ambiental-que-persiste-y-un-futuro-incierto\/","title":{"rendered":"La Cuenca Matanza Riachuelo: una deuda ambiental que persiste y un futuro incierto"},"content":{"rendered":"\n<p><strong>Por Macarena Fern\u00e1ndez Rial, Lic. en RRPP e Institucionales y Maestranda en Pol\u00edticas Sociales Urbanas y Romina Torres, Analista en Ciencias Ambientales y Especialista en Educaci\u00f3n Ambiental<\/strong><\/p>\n\n\n\n<p>Cada 8 de julio se celebra en la Ciudad de Buenos Aires el D\u00eda de la Acci\u00f3n Ambiental por la Cuenca Matanza Riachuelo, instituido en el a\u00f1o 2012 por la Ley N.\u00ba 4.162. La norma establece adem\u00e1s de la creaci\u00f3n de la efem\u00e9ride que \u201cel Poder Ejecutivo de la Ciudad Aut\u00f3noma de Buenos Aires deber\u00e1 impulsar campa\u00f1as de difusi\u00f3n, a efecto de instalar en el \u00e1mbito de la Ciudad la problem\u00e1tica ambiental de la Cuenca Matanza Riachuelo, los avances alcanzados y las futuras acciones de saneamiento en dicha Cuenca\u201d.<\/p>\n\n\n\n<p>La fecha no es casual: remite al fallo hist\u00f3rico que en 2008 emiti\u00f3 la Corte Suprema de Justicia de la Naci\u00f3n en la conocida <em>Causa Mendoza<\/em>. Esta demanda fue presentada en 2004 por vecinos y profesionales de la salud de Avellaneda contra el Estado Nacional, la provincia de Buenos Aires, la Ciudad de Buenos Aires y 44 empresas, por los da\u00f1os y perjuicios causados por la contaminaci\u00f3n del Riachuelo.<\/p>\n\n\n\n<p>En ese contexto, y como parte de la respuesta institucional al conflicto, en 2006 se cre\u00f3 por iniciativa del Poder Ejecutivo y por medio de la Ley 26.168 la Autoridad de Cuenca Matanza Riachuelo (ACUMAR). En 2009, tras el fallo de la Corte, se present\u00f3 el primer Plan Integral de Saneamiento Ambiental, actualizado en 2016. Dicho plan gu\u00eda las acciones de ACUMAR en funci\u00f3n de sus tres grandes objetivos: recomponer el ambiente de la Cuenca, mejorar la calidad de vida de sus habitantes, y prevenir el da\u00f1o futuro. Para ello, se proponen 14 l\u00edneas de acci\u00f3n vinculadas a la salud ambiental, el ordenamiento ambiental del territorio, la gesti\u00f3n de residuos, el desarrollo de obras de infraestructura, el control industrial y la educaci\u00f3n ambiental, entre otros.<\/p>\n\n\n\n<figure class=\"wp-block-image size-large\"><img loading=\"lazy\" decoding=\"async\" width=\"1024\" height=\"683\" src=\"https:\/\/aprendiendoenverde.com\/ar\/wp-content\/uploads\/2025\/07\/DJI_0306-1-1024x683.jpg\" alt=\"\" class=\"wp-image-6234\" srcset=\"https:\/\/aprendiendoenverde.com\/ar\/wp-content\/uploads\/2025\/07\/DJI_0306-1-1024x683.jpg 1024w, https:\/\/aprendiendoenverde.com\/ar\/wp-content\/uploads\/2025\/07\/DJI_0306-1-300x200.jpg 300w, https:\/\/aprendiendoenverde.com\/ar\/wp-content\/uploads\/2025\/07\/DJI_0306-1-768x512.jpg 768w, https:\/\/aprendiendoenverde.com\/ar\/wp-content\/uploads\/2025\/07\/DJI_0306-1-1536x1024.jpg 1536w, https:\/\/aprendiendoenverde.com\/ar\/wp-content\/uploads\/2025\/07\/DJI_0306-1-2048x1365.jpg 2048w, https:\/\/aprendiendoenverde.com\/ar\/wp-content\/uploads\/2025\/07\/DJI_0306-1-1568x1045.jpg 1568w\" sizes=\"auto, (max-width: 1024px) 100vw, 1024px\" \/><figcaption class=\"wp-element-caption\">default<\/figcaption><\/figure>\n\n\n\n<p>El caso de la Cuenca Matanza Riachuelo es justamente uno de los conflictos ambientales m\u00e1s importantes de nuestro pa\u00eds. Su contaminaci\u00f3n tiene una historia de m\u00e1s de 200 a\u00f1os y proviene de tres fuentes principales: residuos s\u00f3lidos urbanos, residuos cloacales y residuos industriales. Es importante considerar que en esta cuenca, cuyo cauce principal se extiende por 64 km y atraviesa 14 municipios de la provincia de Buenos Aires y varias comunas de la Ciudad, viven casi 5 millones de personas, lo que representa el 10% de los habitantes de toda la Argentina.<\/p>\n\n\n\n<p>Muchos fueron los avances en el saneamiento desde la creaci\u00f3n de ACUMAR con el correr de los a\u00f1os. Algunos avances evidentes y que saltaban a la vista r\u00e1pidamente y otros menos evidentes pero no por eso menos profundos y significativos. Solo por mencionar algunos podemos recordar el retiro de 80 embarcaciones abandonadas, la liberaci\u00f3n de casi la totalidad del Camino de Sirga para cumplir con el libre acceso y circulaci\u00f3n, la creaci\u00f3n de un cuerpo de inspectores especializados en funci\u00f3n de la determinaci\u00f3n de las normativas ambientales, el relevamiento de industrias y establecimientos contaminantes y el desarrollo de los procesos de reconversi\u00f3n industrial de muchos de ellos, la creaci\u00f3n de programas de limpieza de m\u00e1rgenes y espejo de agua constantes que permitieron ver finalmente al r\u00edo con otros ojos, la creaci\u00f3n de un programa de educaci\u00f3n ambiental \u201cEscuelas por la Cuenca\u201d, con m\u00e1s de mil instituciones educativas participantes, el avance en la relocalizaci\u00f3n de familias, la creaci\u00f3n de una red de monitoreo de calidad de agua, el avance en obras de infraestructura y saneamiento, la evaluaci\u00f3n y seguimiento de casos de salud ambiental, entre otros. La lista es extensa y variada y la clave en los resultados fue la persistencia y el compromiso de trabajo sostenido por a\u00f1os.&nbsp;<\/p>\n\n\n\n<p>Lamentablemente, hoy ya no se habla de avances, sino de retrocesos. Desde el cambio de gesti\u00f3n en 2024, y con motivo tambi\u00e9n de que la Corte Suprema defini\u00f3 poner fin a su actuaci\u00f3n directa en la causa, ACUMAR sufre una fuerte par\u00e1lisis institucional, sin presupuesto ni objetivos claros. En 2025, la situaci\u00f3n se agrav\u00f3 con el despido de la mitad de su planta de trabajadores, muchos con m\u00e1s de una d\u00e9cada de experiencia y un compromiso profesional invaluable.<\/p>\n\n\n\n<p>Al d\u00eda de hoy nadie sabe responder qu\u00e9 est\u00e1 haciendo ACUMAR realmente. Y la sensaci\u00f3n hacia el futuro es de total incertidumbre y pena por la cantidad de a\u00f1os de trabajo sostenidos tirados a la basura.&nbsp;<\/p>\n\n\n\n<p>Hoy el futuro de la Cuenca Matanza Riachuelo es incierto y eso nos afecta a todas y todos.&nbsp;<\/p>\n\n\n\n<p>\u2014- Fotograf\u00eda por Alejandro Kaminetzky<\/p>\n\n\n\n<p>Nota: Parte de la destrucci\u00f3n actual de ACUMAR es la falta o dificultad de acceso a informaci\u00f3n y materiales que antes eran p\u00fablicos y de libre descarga a trav\u00e9s de sus canales de comunicaci\u00f3n. Siempre es posible de todas maneras ante la necesidad de datos hacer un pedido formal de informaci\u00f3n p\u00fablica, el cu\u00e1l debe ser respondido por el organismo de manera obligatoria.&nbsp;&nbsp;<\/p>\n\n\n\n<p>A continuaci\u00f3n algunos links de inter\u00e9s para quienes quieran seguir profundizando en el tema:<\/p>\n\n\n\n<figure class=\"wp-block-embed is-type-wp-embed is-provider-monitor-pisa wp-block-embed-monitor-pisa\"><div class=\"wp-block-embed__wrapper\">\n<blockquote class=\"wp-embedded-content\" data-secret=\"A4jpHI1NA9\"><a href=\"https:\/\/monitorpisa.acumar.gob.ar\/\">INICIO<\/a><\/blockquote><iframe loading=\"lazy\" class=\"wp-embedded-content\" sandbox=\"allow-scripts\" security=\"restricted\" style=\"position: absolute; visibility: hidden;\" title=\"&#8220;INICIO&#8221; &#8212; Monitor PISA\" src=\"https:\/\/monitorpisa.acumar.gob.ar\/embed\/#?secret=3CZVGt6tHH#?secret=A4jpHI1NA9\" data-secret=\"A4jpHI1NA9\" width=\"600\" height=\"338\" frameborder=\"0\" marginwidth=\"0\" marginheight=\"0\" scrolling=\"no\"><\/iframe>\n<\/div><\/figure>\n\n\n\n<figure class=\"wp-block-embed is-type-wp-embed is-provider-acumar wp-block-embed-acumar\"><div class=\"wp-block-embed__wrapper\">\n<blockquote class=\"wp-embedded-content\" data-secret=\"zPn3lp0jCa\"><a href=\"https:\/\/www.acumar.gob.ar\/institucional\/\">Institucional<\/a><\/blockquote><iframe loading=\"lazy\" class=\"wp-embedded-content\" sandbox=\"allow-scripts\" security=\"restricted\" style=\"position: absolute; visibility: hidden;\" title=\"&#8220;Institucional&#8221; &#8212; ACUMAR\" src=\"https:\/\/www.acumar.gob.ar\/institucional\/embed\/#?secret=7CSaeLjjaD#?secret=zPn3lp0jCa\" data-secret=\"zPn3lp0jCa\" width=\"600\" height=\"338\" frameborder=\"0\" marginwidth=\"0\" marginheight=\"0\" scrolling=\"no\"><\/iframe>\n<\/div><\/figure>\n\n\n\n<figure class=\"wp-block-embed\"><div class=\"wp-block-embed__wrapper\">\nhttps:\/\/matanza-riachuelo.bancomundial.org\n<\/div><\/figure>\n\n\n\n<figure class=\"wp-block-embed is-type-wp-embed is-provider-farn wp-block-embed-farn\"><div class=\"wp-block-embed__wrapper\">\n<blockquote class=\"wp-embedded-content\" data-secret=\"9nXQNIeNqO\"><a href=\"https:\/\/farn.org.ar\/riachuelo\/\">Riachuelo<\/a><\/blockquote><iframe loading=\"lazy\" class=\"wp-embedded-content\" sandbox=\"allow-scripts\" security=\"restricted\" style=\"position: absolute; visibility: hidden;\" title=\"\u00abRiachuelo\u00bb \u2014 FARN\" src=\"https:\/\/farn.org.ar\/riachuelo\/embed\/#?secret=tPefbPZybI#?secret=9nXQNIeNqO\" data-secret=\"9nXQNIeNqO\" width=\"600\" height=\"338\" frameborder=\"0\" marginwidth=\"0\" marginheight=\"0\" scrolling=\"no\"><\/iframe>\n<\/div><\/figure>\n\n\n\n<figure class=\"wp-block-embed\"><div class=\"wp-block-embed__wrapper\">\nhttps:\/\/www.saij.gob.ar\/corte-suprema-justicia-nacion-federal-ciudad-autonoma-buenos-aires-mendoza-beatriz-silvia-estado-nacional-otros-danos-perjuicios-danos-derivados-contaminacion-ambiental-rio-matanza-riachuelo-fa24000155-2024-10-22\/123456789-551-0004-2ots-eupmocsollaf?\n<\/div><\/figure>\n","protected":false},"excerpt":{"rendered":"<p>Por Macarena Fern\u00e1ndez Rial, Lic. en RRPP e Institucionales y Maestranda en Pol\u00edticas Sociales Urbanas y Romina Torres, Analista en Ciencias Ambientales y Especialista en Educaci\u00f3n Ambiental Cada 8 de julio se celebra en la Ciudad de Buenos Aires el D\u00eda de la Acci\u00f3n Ambiental por la Cuenca Matanza Riachuelo, instituido en el a\u00f1o 2012 &hellip; <\/p>\n<p class=\"link-more\"><a href=\"https:\/\/aprendiendoenverde.com\/ar\/2025\/07\/08\/la-cuenca-matanza-riachuelo-una-deuda-ambiental-que-persiste-y-un-futuro-incierto\/\" class=\"more-link\">Seguir leyendo<span class=\"screen-reader-text\"> \u00abLa Cuenca Matanza Riachuelo: una deuda ambiental que persiste y un futuro incierto\u00bb<\/span><\/a><\/p>\n","protected":false},"author":1,"featured_media":6232,"comment_status":"open","ping_status":"open","sticky":false,"template":"","format":"standard","meta":{"footnotes":""},"categories":[1],"tags":[],"class_list":["post-6228","post","type-post","status-publish","format-standard","has-post-thumbnail","hentry","category-sin-categoria","entry"],"yoast_head":"<!-- This site is optimized with the Yoast SEO plugin v20.7 - https:\/\/yoast.com\/wordpress\/plugins\/seo\/ -->\n<title>La Cuenca Matanza Riachuelo: una deuda ambiental que persiste y un futuro incierto | Aprendiendo en Verde<\/title>\n<meta name=\"robots\" content=\"index, follow, max-snippet:-1, max-image-preview:large, max-video-preview:-1\" \/>\n<link rel=\"canonical\" href=\"https:\/\/aprendiendoenverde.com\/ar\/2025\/07\/08\/la-cuenca-matanza-riachuelo-una-deuda-ambiental-que-persiste-y-un-futuro-incierto\/\" \/>\n<meta property=\"og:locale\" content=\"es_ES\" \/>\n<meta property=\"og:type\" content=\"article\" \/>\n<meta property=\"og:title\" content=\"La Cuenca Matanza Riachuelo: una deuda ambiental que persiste y un futuro incierto | Aprendiendo en Verde\" \/>\n<meta property=\"og:description\" content=\"Por Macarena Fern\u00e1ndez Rial, Lic. en RRPP e Institucionales y Maestranda en Pol\u00edticas Sociales Urbanas y Romina Torres, Analista en Ciencias Ambientales y Especialista en Educaci\u00f3n Ambiental Cada 8 de julio se celebra en la Ciudad de Buenos Aires el D\u00eda de la Acci\u00f3n Ambiental por la Cuenca Matanza Riachuelo, instituido en el a\u00f1o 2012 &hellip; Seguir leyendo \u00abLa Cuenca Matanza Riachuelo: una deuda ambiental que persiste y un futuro incierto\u00bb\" \/>\n<meta property=\"og:url\" content=\"https:\/\/aprendiendoenverde.com\/ar\/2025\/07\/08\/la-cuenca-matanza-riachuelo-una-deuda-ambiental-que-persiste-y-un-futuro-incierto\/\" \/>\n<meta property=\"og:site_name\" content=\"Aprendiendo en Verde\" \/>\n<meta property=\"article:author\" content=\"https:\/\/www.facebook.com\/share\/19to4fZ2LP\/\" \/>\n<meta property=\"article:published_time\" content=\"2025-07-08T10:00:00+00:00\" \/>\n<meta property=\"article:modified_time\" content=\"2025-07-08T16:17:02+00:00\" \/>\n<meta property=\"og:image\" content=\"https:\/\/aprendiendoenverde.com\/ar\/wp-content\/uploads\/2025\/07\/DJI_0094-scaled.jpg\" \/>\n\t<meta property=\"og:image:width\" content=\"2560\" \/>\n\t<meta property=\"og:image:height\" content=\"1705\" \/>\n\t<meta property=\"og:image:type\" content=\"image\/jpeg\" \/>\n<meta name=\"author\" content=\"Aprendiendo en Verde\" \/>\n<meta name=\"twitter:card\" content=\"summary_large_image\" \/>\n<meta name=\"twitter:label1\" content=\"Escrito por\" \/>\n\t<meta name=\"twitter:data1\" content=\"Aprendiendo en Verde\" \/>\n\t<meta name=\"twitter:label2\" content=\"Tiempo de lectura\" \/>\n\t<meta name=\"twitter:data2\" content=\"5 minutos\" \/>\n<script type=\"application\/ld+json\" class=\"yoast-schema-graph\">{\"@context\":\"https:\/\/schema.org\",\"@graph\":[{\"@type\":\"Article\",\"@id\":\"https:\/\/aprendiendoenverde.com\/ar\/2025\/07\/08\/la-cuenca-matanza-riachuelo-una-deuda-ambiental-que-persiste-y-un-futuro-incierto\/#article\",\"isPartOf\":{\"@id\":\"https:\/\/aprendiendoenverde.com\/ar\/2025\/07\/08\/la-cuenca-matanza-riachuelo-una-deuda-ambiental-que-persiste-y-un-futuro-incierto\/\"},\"author\":{\"name\":\"Aprendiendo en Verde\",\"@id\":\"https:\/\/aprendiendoenverde.com\/ar\/#\/schema\/person\/3ef09bbdd6bff1ac3504fbe0b3513250\"},\"headline\":\"La Cuenca Matanza Riachuelo: una deuda ambiental que persiste y un futuro incierto\",\"datePublished\":\"2025-07-08T10:00:00+00:00\",\"dateModified\":\"2025-07-08T16:17:02+00:00\",\"mainEntityOfPage\":{\"@id\":\"https:\/\/aprendiendoenverde.com\/ar\/2025\/07\/08\/la-cuenca-matanza-riachuelo-una-deuda-ambiental-que-persiste-y-un-futuro-incierto\/\"},\"wordCount\":927,\"commentCount\":0,\"publisher\":{\"@id\":\"https:\/\/aprendiendoenverde.com\/ar\/#organization\"},\"inLanguage\":\"es\",\"potentialAction\":[{\"@type\":\"CommentAction\",\"name\":\"Comment\",\"target\":[\"https:\/\/aprendiendoenverde.com\/ar\/2025\/07\/08\/la-cuenca-matanza-riachuelo-una-deuda-ambiental-que-persiste-y-un-futuro-incierto\/#respond\"]}]},{\"@type\":\"WebPage\",\"@id\":\"https:\/\/aprendiendoenverde.com\/ar\/2025\/07\/08\/la-cuenca-matanza-riachuelo-una-deuda-ambiental-que-persiste-y-un-futuro-incierto\/\",\"url\":\"https:\/\/aprendiendoenverde.com\/ar\/2025\/07\/08\/la-cuenca-matanza-riachuelo-una-deuda-ambiental-que-persiste-y-un-futuro-incierto\/\",\"name\":\"La Cuenca Matanza Riachuelo: una deuda ambiental que persiste y un futuro incierto | Aprendiendo en Verde\",\"isPartOf\":{\"@id\":\"https:\/\/aprendiendoenverde.com\/ar\/#website\"},\"datePublished\":\"2025-07-08T10:00:00+00:00\",\"dateModified\":\"2025-07-08T16:17:02+00:00\",\"breadcrumb\":{\"@id\":\"https:\/\/aprendiendoenverde.com\/ar\/2025\/07\/08\/la-cuenca-matanza-riachuelo-una-deuda-ambiental-que-persiste-y-un-futuro-incierto\/#breadcrumb\"},\"inLanguage\":\"es\",\"potentialAction\":[{\"@type\":\"ReadAction\",\"target\":[\"https:\/\/aprendiendoenverde.com\/ar\/2025\/07\/08\/la-cuenca-matanza-riachuelo-una-deuda-ambiental-que-persiste-y-un-futuro-incierto\/\"]}]},{\"@type\":\"BreadcrumbList\",\"@id\":\"https:\/\/aprendiendoenverde.com\/ar\/2025\/07\/08\/la-cuenca-matanza-riachuelo-una-deuda-ambiental-que-persiste-y-un-futuro-incierto\/#breadcrumb\",\"itemListElement\":[{\"@type\":\"ListItem\",\"position\":1,\"name\":\"Home\",\"item\":\"https:\/\/aprendiendoenverde.com\/ar\/\"},{\"@type\":\"ListItem\",\"position\":2,\"name\":\"La Cuenca Matanza Riachuelo: una deuda ambiental que persiste y un futuro incierto\"}]},{\"@type\":\"WebSite\",\"@id\":\"https:\/\/aprendiendoenverde.com\/ar\/#website\",\"url\":\"https:\/\/aprendiendoenverde.com\/ar\/\",\"name\":\"Aprendiendo en Verde\",\"description\":\"Educaci\u00f3n y Gesti\u00f3n Ambiental\",\"publisher\":{\"@id\":\"https:\/\/aprendiendoenverde.com\/ar\/#organization\"},\"potentialAction\":[{\"@type\":\"SearchAction\",\"target\":{\"@type\":\"EntryPoint\",\"urlTemplate\":\"https:\/\/aprendiendoenverde.com\/ar\/?s={search_term_string}\"},\"query-input\":\"required name=search_term_string\"}],\"inLanguage\":\"es\"},{\"@type\":\"Organization\",\"@id\":\"https:\/\/aprendiendoenverde.com\/ar\/#organization\",\"name\":\"Aprendiendo en Verde\",\"url\":\"https:\/\/aprendiendoenverde.com\/ar\/\",\"logo\":{\"@type\":\"ImageObject\",\"inLanguage\":\"es\",\"@id\":\"https:\/\/aprendiendoenverde.com\/ar\/#\/schema\/logo\/image\/\",\"url\":\"https:\/\/aprendiendoenverde.com\/ar\/wp-content\/uploads\/2021\/02\/cropped-logo-forma-circular.png\",\"contentUrl\":\"https:\/\/aprendiendoenverde.com\/ar\/wp-content\/uploads\/2021\/02\/cropped-logo-forma-circular.png\",\"width\":512,\"height\":512,\"caption\":\"Aprendiendo en Verde\"},\"image\":{\"@id\":\"https:\/\/aprendiendoenverde.com\/ar\/#\/schema\/logo\/image\/\"}},{\"@type\":\"Person\",\"@id\":\"https:\/\/aprendiendoenverde.com\/ar\/#\/schema\/person\/3ef09bbdd6bff1ac3504fbe0b3513250\",\"name\":\"Aprendiendo en Verde\",\"image\":{\"@type\":\"ImageObject\",\"inLanguage\":\"es\",\"@id\":\"https:\/\/aprendiendoenverde.com\/ar\/#\/schema\/person\/image\/\",\"url\":\"https:\/\/secure.gravatar.com\/avatar\/da0d0f666f4186a34f483cd2eca07e55b1b3407d3bbe882bf63b6ce23d1a2d07?s=96&d=mm&r=g\",\"contentUrl\":\"https:\/\/secure.gravatar.com\/avatar\/da0d0f666f4186a34f483cd2eca07e55b1b3407d3bbe882bf63b6ce23d1a2d07?s=96&d=mm&r=g\",\"caption\":\"Aprendiendo en Verde\"},\"description\":\"Blog Aprendiendo en Verde - Fundaci\u00f3n Espacios Verdes: ONG Ambiental Nacional que desde 1991 promueve la educaci\u00f3n, conservaci\u00f3n y divulgaci\u00f3n para la sustentabilidad.\",\"sameAs\":[\"http:\/\/www.fev.org.ar\",\"https:\/\/www.facebook.com\/share\/19to4fZ2LP\/\",\"https:\/\/www.instagram.com\/educacionfev?igsh=NTJid212c3l6c2J0\",\"https:\/\/www.linkedin.com\/company\/fundacionespaciosverdes\/\",\"https:\/\/youtube.com\/@fevargentina?feature=shared\"],\"url\":\"https:\/\/aprendiendoenverde.com\/ar\/author\/admin\/\"}]}<\/script>\n<!-- \/ Yoast SEO plugin. -->","yoast_head_json":{"title":"La Cuenca Matanza Riachuelo: una deuda ambiental que persiste y un futuro incierto | Aprendiendo en Verde","robots":{"index":"index","follow":"follow","max-snippet":"max-snippet:-1","max-image-preview":"max-image-preview:large","max-video-preview":"max-video-preview:-1"},"canonical":"https:\/\/aprendiendoenverde.com\/ar\/2025\/07\/08\/la-cuenca-matanza-riachuelo-una-deuda-ambiental-que-persiste-y-un-futuro-incierto\/","og_locale":"es_ES","og_type":"article","og_title":"La Cuenca Matanza Riachuelo: una deuda ambiental que persiste y un futuro incierto | Aprendiendo en Verde","og_description":"Por Macarena Fern\u00e1ndez Rial, Lic. en RRPP e Institucionales y Maestranda en Pol\u00edticas Sociales Urbanas y Romina Torres, Analista en Ciencias Ambientales y Especialista en Educaci\u00f3n Ambiental Cada 8 de julio se celebra en la Ciudad de Buenos Aires el D\u00eda de la Acci\u00f3n Ambiental por la Cuenca Matanza Riachuelo, instituido en el a\u00f1o 2012 &hellip; Seguir leyendo \u00abLa Cuenca Matanza Riachuelo: una deuda ambiental que persiste y un futuro incierto\u00bb","og_url":"https:\/\/aprendiendoenverde.com\/ar\/2025\/07\/08\/la-cuenca-matanza-riachuelo-una-deuda-ambiental-que-persiste-y-un-futuro-incierto\/","og_site_name":"Aprendiendo en Verde","article_author":"https:\/\/www.facebook.com\/share\/19to4fZ2LP\/","article_published_time":"2025-07-08T10:00:00+00:00","article_modified_time":"2025-07-08T16:17:02+00:00","og_image":[{"width":2560,"height":1705,"url":"https:\/\/aprendiendoenverde.com\/ar\/wp-content\/uploads\/2025\/07\/DJI_0094-scaled.jpg","type":"image\/jpeg"}],"author":"Aprendiendo en Verde","twitter_card":"summary_large_image","twitter_misc":{"Escrito por":"Aprendiendo en Verde","Tiempo de lectura":"5 minutos"},"schema":{"@context":"https:\/\/schema.org","@graph":[{"@type":"Article","@id":"https:\/\/aprendiendoenverde.com\/ar\/2025\/07\/08\/la-cuenca-matanza-riachuelo-una-deuda-ambiental-que-persiste-y-un-futuro-incierto\/#article","isPartOf":{"@id":"https:\/\/aprendiendoenverde.com\/ar\/2025\/07\/08\/la-cuenca-matanza-riachuelo-una-deuda-ambiental-que-persiste-y-un-futuro-incierto\/"},"author":{"name":"Aprendiendo en Verde","@id":"https:\/\/aprendiendoenverde.com\/ar\/#\/schema\/person\/3ef09bbdd6bff1ac3504fbe0b3513250"},"headline":"La Cuenca Matanza Riachuelo: una deuda ambiental que persiste y un futuro incierto","datePublished":"2025-07-08T10:00:00+00:00","dateModified":"2025-07-08T16:17:02+00:00","mainEntityOfPage":{"@id":"https:\/\/aprendiendoenverde.com\/ar\/2025\/07\/08\/la-cuenca-matanza-riachuelo-una-deuda-ambiental-que-persiste-y-un-futuro-incierto\/"},"wordCount":927,"commentCount":0,"publisher":{"@id":"https:\/\/aprendiendoenverde.com\/ar\/#organization"},"inLanguage":"es","potentialAction":[{"@type":"CommentAction","name":"Comment","target":["https:\/\/aprendiendoenverde.com\/ar\/2025\/07\/08\/la-cuenca-matanza-riachuelo-una-deuda-ambiental-que-persiste-y-un-futuro-incierto\/#respond"]}]},{"@type":"WebPage","@id":"https:\/\/aprendiendoenverde.com\/ar\/2025\/07\/08\/la-cuenca-matanza-riachuelo-una-deuda-ambiental-que-persiste-y-un-futuro-incierto\/","url":"https:\/\/aprendiendoenverde.com\/ar\/2025\/07\/08\/la-cuenca-matanza-riachuelo-una-deuda-ambiental-que-persiste-y-un-futuro-incierto\/","name":"La Cuenca Matanza Riachuelo: una deuda ambiental que persiste y un futuro incierto | Aprendiendo en Verde","isPartOf":{"@id":"https:\/\/aprendiendoenverde.com\/ar\/#website"},"datePublished":"2025-07-08T10:00:00+00:00","dateModified":"2025-07-08T16:17:02+00:00","breadcrumb":{"@id":"https:\/\/aprendiendoenverde.com\/ar\/2025\/07\/08\/la-cuenca-matanza-riachuelo-una-deuda-ambiental-que-persiste-y-un-futuro-incierto\/#breadcrumb"},"inLanguage":"es","potentialAction":[{"@type":"ReadAction","target":["https:\/\/aprendiendoenverde.com\/ar\/2025\/07\/08\/la-cuenca-matanza-riachuelo-una-deuda-ambiental-que-persiste-y-un-futuro-incierto\/"]}]},{"@type":"BreadcrumbList","@id":"https:\/\/aprendiendoenverde.com\/ar\/2025\/07\/08\/la-cuenca-matanza-riachuelo-una-deuda-ambiental-que-persiste-y-un-futuro-incierto\/#breadcrumb","itemListElement":[{"@type":"ListItem","position":1,"name":"Home","item":"https:\/\/aprendiendoenverde.com\/ar\/"},{"@type":"ListItem","position":2,"name":"La Cuenca Matanza Riachuelo: una deuda ambiental que persiste y un futuro incierto"}]},{"@type":"WebSite","@id":"https:\/\/aprendiendoenverde.com\/ar\/#website","url":"https:\/\/aprendiendoenverde.com\/ar\/","name":"Aprendiendo en Verde","description":"Educaci\u00f3n y Gesti\u00f3n Ambiental","publisher":{"@id":"https:\/\/aprendiendoenverde.com\/ar\/#organization"},"potentialAction":[{"@type":"SearchAction","target":{"@type":"EntryPoint","urlTemplate":"https:\/\/aprendiendoenverde.com\/ar\/?s={search_term_string}"},"query-input":"required name=search_term_string"}],"inLanguage":"es"},{"@type":"Organization","@id":"https:\/\/aprendiendoenverde.com\/ar\/#organization","name":"Aprendiendo en Verde","url":"https:\/\/aprendiendoenverde.com\/ar\/","logo":{"@type":"ImageObject","inLanguage":"es","@id":"https:\/\/aprendiendoenverde.com\/ar\/#\/schema\/logo\/image\/","url":"https:\/\/aprendiendoenverde.com\/ar\/wp-content\/uploads\/2021\/02\/cropped-logo-forma-circular.png","contentUrl":"https:\/\/aprendiendoenverde.com\/ar\/wp-content\/uploads\/2021\/02\/cropped-logo-forma-circular.png","width":512,"height":512,"caption":"Aprendiendo en Verde"},"image":{"@id":"https:\/\/aprendiendoenverde.com\/ar\/#\/schema\/logo\/image\/"}},{"@type":"Person","@id":"https:\/\/aprendiendoenverde.com\/ar\/#\/schema\/person\/3ef09bbdd6bff1ac3504fbe0b3513250","name":"Aprendiendo en Verde","image":{"@type":"ImageObject","inLanguage":"es","@id":"https:\/\/aprendiendoenverde.com\/ar\/#\/schema\/person\/image\/","url":"https:\/\/secure.gravatar.com\/avatar\/da0d0f666f4186a34f483cd2eca07e55b1b3407d3bbe882bf63b6ce23d1a2d07?s=96&d=mm&r=g","contentUrl":"https:\/\/secure.gravatar.com\/avatar\/da0d0f666f4186a34f483cd2eca07e55b1b3407d3bbe882bf63b6ce23d1a2d07?s=96&d=mm&r=g","caption":"Aprendiendo en Verde"},"description":"Blog Aprendiendo en Verde - Fundaci\u00f3n Espacios Verdes: ONG Ambiental Nacional que desde 1991 promueve la educaci\u00f3n, conservaci\u00f3n y divulgaci\u00f3n para la sustentabilidad.","sameAs":["http:\/\/www.fev.org.ar","https:\/\/www.facebook.com\/share\/19to4fZ2LP\/","https:\/\/www.instagram.com\/educacionfev?igsh=NTJid212c3l6c2J0","https:\/\/www.linkedin.com\/company\/fundacionespaciosverdes\/","https:\/\/youtube.com\/@fevargentina?feature=shared"],"url":"https:\/\/aprendiendoenverde.com\/ar\/author\/admin\/"}]}},"_links":{"self":[{"href":"https:\/\/aprendiendoenverde.com\/ar\/wp-json\/wp\/v2\/posts\/6228","targetHints":{"allow":["GET"]}}],"collection":[{"href":"https:\/\/aprendiendoenverde.com\/ar\/wp-json\/wp\/v2\/posts"}],"about":[{"href":"https:\/\/aprendiendoenverde.com\/ar\/wp-json\/wp\/v2\/types\/post"}],"author":[{"embeddable":true,"href":"https:\/\/aprendiendoenverde.com\/ar\/wp-json\/wp\/v2\/users\/1"}],"replies":[{"embeddable":true,"href":"https:\/\/aprendiendoenverde.com\/ar\/wp-json\/wp\/v2\/comments?post=6228"}],"version-history":[{"count":6,"href":"https:\/\/aprendiendoenverde.com\/ar\/wp-json\/wp\/v2\/posts\/6228\/revisions"}],"predecessor-version":[{"id":6237,"href":"https:\/\/aprendiendoenverde.com\/ar\/wp-json\/wp\/v2\/posts\/6228\/revisions\/6237"}],"wp:featuredmedia":[{"embeddable":true,"href":"https:\/\/aprendiendoenverde.com\/ar\/wp-json\/wp\/v2\/media\/6232"}],"wp:attachment":[{"href":"https:\/\/aprendiendoenverde.com\/ar\/wp-json\/wp\/v2\/media?parent=6228"}],"wp:term":[{"taxonomy":"category","embeddable":true,"href":"https:\/\/aprendiendoenverde.com\/ar\/wp-json\/wp\/v2\/categories?post=6228"},{"taxonomy":"post_tag","embeddable":true,"href":"https:\/\/aprendiendoenverde.com\/ar\/wp-json\/wp\/v2\/tags?post=6228"}],"curies":[{"name":"wp","href":"https:\/\/api.w.org\/{rel}","templated":true}]}}