{"id":6206,"date":"2025-06-05T14:53:30","date_gmt":"2025-06-05T14:53:30","guid":{"rendered":"https:\/\/aprendiendoenverde.com\/ar\/?p=6206"},"modified":"2025-06-05T15:13:35","modified_gmt":"2025-06-05T15:13:35","slug":"5-de-junio-dia-mundial-del-medioambiente","status":"publish","type":"post","link":"https:\/\/aprendiendoenverde.com\/ar\/2025\/06\/05\/5-de-junio-dia-mundial-del-medioambiente\/","title":{"rendered":"5 de Junio &#8211; D\u00eda Mundial del Medioambiente &#8211; \u00bfQu\u00e9 nos pasa?"},"content":{"rendered":"\n<p><\/p>\n\n\n\n<p>Por <strong>Ana M. Monaco &#8211; Presidente de Fundaci\u00f3n Espacios Verdes\u00a0<\/strong><\/p>\n\n\n\n<p>Estamos en el a\u00f1o 2025 y, lamentablemente, a\u00fan estamos muy lejos de poder decir que hemos avanzado en los logros del cuidado del ambiente ni de cumplir con el ODS 15 de la Agenda 2030. Este objetivo se refiere a la protecci\u00f3n de la Vida de Ecosistemas Terrestres, buscando proteger, restaurar y promover el uso sostenible de los ecosistemas terrestres, gestionar sosteniblemente los bosques, luchar contra la desertificaci\u00f3n y detener la p\u00e9rdida de biodiversidad.<\/p>\n\n\n\n<p>Lamentablemente, tanto a nivel nacional como mundial, hemos visto un retroceso en estos temas. Desde que en 1972 se llev\u00f3 a cabo la Conferencia de las Naciones Unidas en Estocolmo, Suecia, que destac\u00f3 la importancia del cuidado del medio ambiente y del planeta que compartimos, parec\u00eda que pod\u00edamos generar cambios significativos. Por un tiempo, esa esperanza resonaba con fuerza en el subconsciente colectivo. Cada vez que los medios abordaban el tema, se notaba una creciente conciencia sobre la importancia del cuidado ambiental y su impacto en todos los aspectos de la vida.<\/p>\n\n\n\n<p>Se empez\u00f3 a hablar en la pol\u00edtica, se crearon leyes y carreras para formar profesionales en la materia, y la ciencia y la tecnolog\u00eda mostraron los resultados del cambio que se avecinaba en el clima y sus consecuencias. Sin embargo, el ser humano segu\u00eda desarrollando una mayor contaminaci\u00f3n a trav\u00e9s de sus residuos, en todas sus dimensiones y en su vida cotidiana, lo que ha dificultado avanzar hacia un verdadero equilibrio con nuestro entorno.<\/p>\n\n\n\n<p>La pandemia de COVID-19 genero una mayor sensibilizaci\u00f3n sobre la interconexi\u00f3n entre la salud humana y la salud del planeta a nivel global.<\/p>\n\n\n\n<p>&nbsp;En Argentina, se logr\u00f3 implementar pol\u00edticas p\u00fablicas y leyes para abordar la crisis ambiental, como la declaraci\u00f3n de emergencia ecol\u00f3gica y ambiental y la ley de educaci\u00f3n ambiental.&nbsp;<\/p>\n\n\n\n<p>\u00bfY luego que paso? \u00bfHay un retroceso en nuestro pa\u00eds y en el mundo en medidas para mitigar el cambio clim\u00e1tico?<\/p>\n\n\n\n<figure class=\"wp-block-image size-full\"><img loading=\"lazy\" decoding=\"async\" width=\"692\" height=\"694\" src=\"https:\/\/aprendiendoenverde.com\/ar\/wp-content\/uploads\/2025\/06\/Captura-de-Pantalla-2025-06-05-a-las-11.51.45.png\" alt=\"\" class=\"wp-image-6208\" srcset=\"https:\/\/aprendiendoenverde.com\/ar\/wp-content\/uploads\/2025\/06\/Captura-de-Pantalla-2025-06-05-a-las-11.51.45.png 692w, https:\/\/aprendiendoenverde.com\/ar\/wp-content\/uploads\/2025\/06\/Captura-de-Pantalla-2025-06-05-a-las-11.51.45-300x300.png 300w, https:\/\/aprendiendoenverde.com\/ar\/wp-content\/uploads\/2025\/06\/Captura-de-Pantalla-2025-06-05-a-las-11.51.45-150x150.png 150w\" sizes=\"auto, (max-width: 692px) 100vw, 692px\" \/><\/figure>\n\n\n\n<p>Lamentablemente en algunos sectores y pa\u00edses se observa un retroceso en la medidas para mitigar el cambio clim\u00e1tico a nivel nacional e internacional La situaci\u00f3n se presenta muy compleja, algunas empresas y pa\u00edses muestran avances y otros se resisten y se retiran y retroceden en sus compromisos como lo hizo Estados Unidos con el acuerdo de Paris y Argentina parecer\u00eda que quiere seguir los mismos pasos sin reflexionar de las consecuencias en un pa\u00eds que la biodiversidad es una factor de equilibrio natural para el mundo.&nbsp; &nbsp;<\/p>\n\n\n\n<p>&nbsp;\u00bfQue nos pasa, ya no nos importa nuestro h\u00e1bitat, el que compartimos con nuestros hijos y nietos? \u00bfO solo nos interesa que el capital rija sobre la raz\u00f3n y la coherencia? Quiz\u00e1s muchos no estaremos, en las pr\u00f3ximas d\u00e9cadas, pero, si nos interesan nuestros hijos y nietos, debemos ocuparnos y dejarles un ambiente de calidad, donde los recursos limitados, como es el agua y la biodiversidad, se mantengan para la vida de todos los seres vivos del planeta. La casa com\u00fan no es solo un enunciado del Papa Francisco en su enc\u00edclica Laudato Si ( Alabado seas), es realmente el legado para ellos de las generaciones como la m\u00eda que cumplimos un septenio .<\/p>\n\n\n\n<p><strong>&#8220;El ambiente lo cuidamos entre todos y nuestra casa com\u00fan tambi\u00e9n&#8221;<\/strong>.<\/p>\n\n\n\n<p><\/p>\n\n\n\n<p><\/p>\n","protected":false},"excerpt":{"rendered":"<p>Por Ana M. Monaco &#8211; Presidente de Fundaci\u00f3n Espacios Verdes\u00a0 Estamos en el a\u00f1o 2025 y, lamentablemente, a\u00fan estamos muy lejos de poder decir que hemos avanzado en los logros del cuidado del ambiente ni de cumplir con el ODS 15 de la Agenda 2030. Este objetivo se refiere a la protecci\u00f3n de la Vida &hellip; <\/p>\n<p class=\"link-more\"><a href=\"https:\/\/aprendiendoenverde.com\/ar\/2025\/06\/05\/5-de-junio-dia-mundial-del-medioambiente\/\" class=\"more-link\">Seguir leyendo<span class=\"screen-reader-text\"> \u00ab5 de Junio &#8211; D\u00eda Mundial del Medioambiente &#8211; \u00bfQu\u00e9 nos pasa?\u00bb<\/span><\/a><\/p>\n","protected":false},"author":1,"featured_media":6207,"comment_status":"open","ping_status":"open","sticky":false,"template":"","format":"standard","meta":{"footnotes":""},"categories":[1],"tags":[],"class_list":["post-6206","post","type-post","status-publish","format-standard","has-post-thumbnail","hentry","category-sin-categoria","entry"],"yoast_head":"<!-- This site is optimized with the Yoast SEO plugin v20.7 - https:\/\/yoast.com\/wordpress\/plugins\/seo\/ -->\n<title>5 de Junio - D\u00eda Mundial del Medioambiente - \u00bfQu\u00e9 nos pasa? | Aprendiendo en Verde<\/title>\n<meta name=\"robots\" content=\"index, follow, max-snippet:-1, max-image-preview:large, max-video-preview:-1\" \/>\n<link rel=\"canonical\" href=\"https:\/\/aprendiendoenverde.com\/ar\/2025\/06\/05\/5-de-junio-dia-mundial-del-medioambiente\/\" \/>\n<meta property=\"og:locale\" content=\"es_ES\" \/>\n<meta property=\"og:type\" content=\"article\" \/>\n<meta property=\"og:title\" content=\"5 de Junio - D\u00eda Mundial del Medioambiente - \u00bfQu\u00e9 nos pasa? | Aprendiendo en Verde\" \/>\n<meta property=\"og:description\" content=\"Por Ana M. Monaco &#8211; Presidente de Fundaci\u00f3n Espacios Verdes\u00a0 Estamos en el a\u00f1o 2025 y, lamentablemente, a\u00fan estamos muy lejos de poder decir que hemos avanzado en los logros del cuidado del ambiente ni de cumplir con el ODS 15 de la Agenda 2030. Este objetivo se refiere a la protecci\u00f3n de la Vida &hellip; Seguir leyendo \u00ab5 de Junio &#8211; D\u00eda Mundial del Medioambiente &#8211; \u00bfQu\u00e9 nos pasa?\u00bb\" \/>\n<meta property=\"og:url\" content=\"https:\/\/aprendiendoenverde.com\/ar\/2025\/06\/05\/5-de-junio-dia-mundial-del-medioambiente\/\" \/>\n<meta property=\"og:site_name\" content=\"Aprendiendo en Verde\" \/>\n<meta property=\"article:author\" content=\"https:\/\/www.facebook.com\/share\/19to4fZ2LP\/\" \/>\n<meta property=\"article:published_time\" content=\"2025-06-05T14:53:30+00:00\" \/>\n<meta property=\"article:modified_time\" content=\"2025-06-05T15:13:35+00:00\" \/>\n<meta property=\"og:image\" content=\"https:\/\/aprendiendoenverde.com\/ar\/wp-content\/uploads\/2025\/06\/landon-parenteau-zuQVzj31_B8-unsplash-scaled.jpg\" \/>\n\t<meta property=\"og:image:width\" content=\"1917\" \/>\n\t<meta property=\"og:image:height\" content=\"2560\" \/>\n\t<meta property=\"og:image:type\" content=\"image\/jpeg\" \/>\n<meta name=\"author\" content=\"Aprendiendo en Verde\" \/>\n<meta name=\"twitter:card\" content=\"summary_large_image\" \/>\n<meta name=\"twitter:label1\" content=\"Escrito por\" \/>\n\t<meta name=\"twitter:data1\" content=\"Aprendiendo en Verde\" \/>\n\t<meta name=\"twitter:label2\" content=\"Tiempo de lectura\" \/>\n\t<meta name=\"twitter:data2\" content=\"3 minutos\" \/>\n<script type=\"application\/ld+json\" class=\"yoast-schema-graph\">{\"@context\":\"https:\/\/schema.org\",\"@graph\":[{\"@type\":\"Article\",\"@id\":\"https:\/\/aprendiendoenverde.com\/ar\/2025\/06\/05\/5-de-junio-dia-mundial-del-medioambiente\/#article\",\"isPartOf\":{\"@id\":\"https:\/\/aprendiendoenverde.com\/ar\/2025\/06\/05\/5-de-junio-dia-mundial-del-medioambiente\/\"},\"author\":{\"name\":\"Aprendiendo en Verde\",\"@id\":\"https:\/\/aprendiendoenverde.com\/ar\/#\/schema\/person\/3ef09bbdd6bff1ac3504fbe0b3513250\"},\"headline\":\"5 de Junio &#8211; D\u00eda Mundial del Medioambiente &#8211; \u00bfQu\u00e9 nos pasa?\",\"datePublished\":\"2025-06-05T14:53:30+00:00\",\"dateModified\":\"2025-06-05T15:13:35+00:00\",\"mainEntityOfPage\":{\"@id\":\"https:\/\/aprendiendoenverde.com\/ar\/2025\/06\/05\/5-de-junio-dia-mundial-del-medioambiente\/\"},\"wordCount\":582,\"commentCount\":0,\"publisher\":{\"@id\":\"https:\/\/aprendiendoenverde.com\/ar\/#organization\"},\"inLanguage\":\"es\",\"potentialAction\":[{\"@type\":\"CommentAction\",\"name\":\"Comment\",\"target\":[\"https:\/\/aprendiendoenverde.com\/ar\/2025\/06\/05\/5-de-junio-dia-mundial-del-medioambiente\/#respond\"]}]},{\"@type\":\"WebPage\",\"@id\":\"https:\/\/aprendiendoenverde.com\/ar\/2025\/06\/05\/5-de-junio-dia-mundial-del-medioambiente\/\",\"url\":\"https:\/\/aprendiendoenverde.com\/ar\/2025\/06\/05\/5-de-junio-dia-mundial-del-medioambiente\/\",\"name\":\"5 de Junio - D\u00eda Mundial del Medioambiente - \u00bfQu\u00e9 nos pasa? | Aprendiendo en Verde\",\"isPartOf\":{\"@id\":\"https:\/\/aprendiendoenverde.com\/ar\/#website\"},\"datePublished\":\"2025-06-05T14:53:30+00:00\",\"dateModified\":\"2025-06-05T15:13:35+00:00\",\"breadcrumb\":{\"@id\":\"https:\/\/aprendiendoenverde.com\/ar\/2025\/06\/05\/5-de-junio-dia-mundial-del-medioambiente\/#breadcrumb\"},\"inLanguage\":\"es\",\"potentialAction\":[{\"@type\":\"ReadAction\",\"target\":[\"https:\/\/aprendiendoenverde.com\/ar\/2025\/06\/05\/5-de-junio-dia-mundial-del-medioambiente\/\"]}]},{\"@type\":\"BreadcrumbList\",\"@id\":\"https:\/\/aprendiendoenverde.com\/ar\/2025\/06\/05\/5-de-junio-dia-mundial-del-medioambiente\/#breadcrumb\",\"itemListElement\":[{\"@type\":\"ListItem\",\"position\":1,\"name\":\"Home\",\"item\":\"https:\/\/aprendiendoenverde.com\/ar\/\"},{\"@type\":\"ListItem\",\"position\":2,\"name\":\"5 de Junio &#8211; D\u00eda Mundial del Medioambiente &#8211; \u00bfQu\u00e9 nos pasa?\"}]},{\"@type\":\"WebSite\",\"@id\":\"https:\/\/aprendiendoenverde.com\/ar\/#website\",\"url\":\"https:\/\/aprendiendoenverde.com\/ar\/\",\"name\":\"Aprendiendo en Verde\",\"description\":\"Educaci\u00f3n y Gesti\u00f3n Ambiental\",\"publisher\":{\"@id\":\"https:\/\/aprendiendoenverde.com\/ar\/#organization\"},\"potentialAction\":[{\"@type\":\"SearchAction\",\"target\":{\"@type\":\"EntryPoint\",\"urlTemplate\":\"https:\/\/aprendiendoenverde.com\/ar\/?s={search_term_string}\"},\"query-input\":\"required name=search_term_string\"}],\"inLanguage\":\"es\"},{\"@type\":\"Organization\",\"@id\":\"https:\/\/aprendiendoenverde.com\/ar\/#organization\",\"name\":\"Aprendiendo en Verde\",\"url\":\"https:\/\/aprendiendoenverde.com\/ar\/\",\"logo\":{\"@type\":\"ImageObject\",\"inLanguage\":\"es\",\"@id\":\"https:\/\/aprendiendoenverde.com\/ar\/#\/schema\/logo\/image\/\",\"url\":\"https:\/\/aprendiendoenverde.com\/ar\/wp-content\/uploads\/2021\/02\/cropped-logo-forma-circular.png\",\"contentUrl\":\"https:\/\/aprendiendoenverde.com\/ar\/wp-content\/uploads\/2021\/02\/cropped-logo-forma-circular.png\",\"width\":512,\"height\":512,\"caption\":\"Aprendiendo en Verde\"},\"image\":{\"@id\":\"https:\/\/aprendiendoenverde.com\/ar\/#\/schema\/logo\/image\/\"}},{\"@type\":\"Person\",\"@id\":\"https:\/\/aprendiendoenverde.com\/ar\/#\/schema\/person\/3ef09bbdd6bff1ac3504fbe0b3513250\",\"name\":\"Aprendiendo en Verde\",\"image\":{\"@type\":\"ImageObject\",\"inLanguage\":\"es\",\"@id\":\"https:\/\/aprendiendoenverde.com\/ar\/#\/schema\/person\/image\/\",\"url\":\"https:\/\/secure.gravatar.com\/avatar\/da0d0f666f4186a34f483cd2eca07e55b1b3407d3bbe882bf63b6ce23d1a2d07?s=96&d=mm&r=g\",\"contentUrl\":\"https:\/\/secure.gravatar.com\/avatar\/da0d0f666f4186a34f483cd2eca07e55b1b3407d3bbe882bf63b6ce23d1a2d07?s=96&d=mm&r=g\",\"caption\":\"Aprendiendo en Verde\"},\"description\":\"Blog Aprendiendo en Verde - Fundaci\u00f3n Espacios Verdes: ONG Ambiental Nacional que desde 1991 promueve la educaci\u00f3n, conservaci\u00f3n y divulgaci\u00f3n para la sustentabilidad.\",\"sameAs\":[\"http:\/\/www.fev.org.ar\",\"https:\/\/www.facebook.com\/share\/19to4fZ2LP\/\",\"https:\/\/www.instagram.com\/educacionfev?igsh=NTJid212c3l6c2J0\",\"https:\/\/www.linkedin.com\/company\/fundacionespaciosverdes\/\",\"https:\/\/youtube.com\/@fevargentina?feature=shared\"],\"url\":\"https:\/\/aprendiendoenverde.com\/ar\/author\/admin\/\"}]}<\/script>\n<!-- \/ Yoast SEO plugin. -->","yoast_head_json":{"title":"5 de Junio - D\u00eda Mundial del Medioambiente - \u00bfQu\u00e9 nos pasa? | Aprendiendo en Verde","robots":{"index":"index","follow":"follow","max-snippet":"max-snippet:-1","max-image-preview":"max-image-preview:large","max-video-preview":"max-video-preview:-1"},"canonical":"https:\/\/aprendiendoenverde.com\/ar\/2025\/06\/05\/5-de-junio-dia-mundial-del-medioambiente\/","og_locale":"es_ES","og_type":"article","og_title":"5 de Junio - D\u00eda Mundial del Medioambiente - \u00bfQu\u00e9 nos pasa? | Aprendiendo en Verde","og_description":"Por Ana M. Monaco &#8211; Presidente de Fundaci\u00f3n Espacios Verdes\u00a0 Estamos en el a\u00f1o 2025 y, lamentablemente, a\u00fan estamos muy lejos de poder decir que hemos avanzado en los logros del cuidado del ambiente ni de cumplir con el ODS 15 de la Agenda 2030. Este objetivo se refiere a la protecci\u00f3n de la Vida &hellip; Seguir leyendo \u00ab5 de Junio &#8211; D\u00eda Mundial del Medioambiente &#8211; \u00bfQu\u00e9 nos pasa?\u00bb","og_url":"https:\/\/aprendiendoenverde.com\/ar\/2025\/06\/05\/5-de-junio-dia-mundial-del-medioambiente\/","og_site_name":"Aprendiendo en Verde","article_author":"https:\/\/www.facebook.com\/share\/19to4fZ2LP\/","article_published_time":"2025-06-05T14:53:30+00:00","article_modified_time":"2025-06-05T15:13:35+00:00","og_image":[{"width":1917,"height":2560,"url":"https:\/\/aprendiendoenverde.com\/ar\/wp-content\/uploads\/2025\/06\/landon-parenteau-zuQVzj31_B8-unsplash-scaled.jpg","type":"image\/jpeg"}],"author":"Aprendiendo en Verde","twitter_card":"summary_large_image","twitter_misc":{"Escrito por":"Aprendiendo en Verde","Tiempo de lectura":"3 minutos"},"schema":{"@context":"https:\/\/schema.org","@graph":[{"@type":"Article","@id":"https:\/\/aprendiendoenverde.com\/ar\/2025\/06\/05\/5-de-junio-dia-mundial-del-medioambiente\/#article","isPartOf":{"@id":"https:\/\/aprendiendoenverde.com\/ar\/2025\/06\/05\/5-de-junio-dia-mundial-del-medioambiente\/"},"author":{"name":"Aprendiendo en Verde","@id":"https:\/\/aprendiendoenverde.com\/ar\/#\/schema\/person\/3ef09bbdd6bff1ac3504fbe0b3513250"},"headline":"5 de Junio &#8211; D\u00eda Mundial del Medioambiente &#8211; \u00bfQu\u00e9 nos pasa?","datePublished":"2025-06-05T14:53:30+00:00","dateModified":"2025-06-05T15:13:35+00:00","mainEntityOfPage":{"@id":"https:\/\/aprendiendoenverde.com\/ar\/2025\/06\/05\/5-de-junio-dia-mundial-del-medioambiente\/"},"wordCount":582,"commentCount":0,"publisher":{"@id":"https:\/\/aprendiendoenverde.com\/ar\/#organization"},"inLanguage":"es","potentialAction":[{"@type":"CommentAction","name":"Comment","target":["https:\/\/aprendiendoenverde.com\/ar\/2025\/06\/05\/5-de-junio-dia-mundial-del-medioambiente\/#respond"]}]},{"@type":"WebPage","@id":"https:\/\/aprendiendoenverde.com\/ar\/2025\/06\/05\/5-de-junio-dia-mundial-del-medioambiente\/","url":"https:\/\/aprendiendoenverde.com\/ar\/2025\/06\/05\/5-de-junio-dia-mundial-del-medioambiente\/","name":"5 de Junio - D\u00eda Mundial del Medioambiente - \u00bfQu\u00e9 nos pasa? | Aprendiendo en Verde","isPartOf":{"@id":"https:\/\/aprendiendoenverde.com\/ar\/#website"},"datePublished":"2025-06-05T14:53:30+00:00","dateModified":"2025-06-05T15:13:35+00:00","breadcrumb":{"@id":"https:\/\/aprendiendoenverde.com\/ar\/2025\/06\/05\/5-de-junio-dia-mundial-del-medioambiente\/#breadcrumb"},"inLanguage":"es","potentialAction":[{"@type":"ReadAction","target":["https:\/\/aprendiendoenverde.com\/ar\/2025\/06\/05\/5-de-junio-dia-mundial-del-medioambiente\/"]}]},{"@type":"BreadcrumbList","@id":"https:\/\/aprendiendoenverde.com\/ar\/2025\/06\/05\/5-de-junio-dia-mundial-del-medioambiente\/#breadcrumb","itemListElement":[{"@type":"ListItem","position":1,"name":"Home","item":"https:\/\/aprendiendoenverde.com\/ar\/"},{"@type":"ListItem","position":2,"name":"5 de Junio &#8211; D\u00eda Mundial del Medioambiente &#8211; \u00bfQu\u00e9 nos pasa?"}]},{"@type":"WebSite","@id":"https:\/\/aprendiendoenverde.com\/ar\/#website","url":"https:\/\/aprendiendoenverde.com\/ar\/","name":"Aprendiendo en Verde","description":"Educaci\u00f3n y Gesti\u00f3n Ambiental","publisher":{"@id":"https:\/\/aprendiendoenverde.com\/ar\/#organization"},"potentialAction":[{"@type":"SearchAction","target":{"@type":"EntryPoint","urlTemplate":"https:\/\/aprendiendoenverde.com\/ar\/?s={search_term_string}"},"query-input":"required name=search_term_string"}],"inLanguage":"es"},{"@type":"Organization","@id":"https:\/\/aprendiendoenverde.com\/ar\/#organization","name":"Aprendiendo en Verde","url":"https:\/\/aprendiendoenverde.com\/ar\/","logo":{"@type":"ImageObject","inLanguage":"es","@id":"https:\/\/aprendiendoenverde.com\/ar\/#\/schema\/logo\/image\/","url":"https:\/\/aprendiendoenverde.com\/ar\/wp-content\/uploads\/2021\/02\/cropped-logo-forma-circular.png","contentUrl":"https:\/\/aprendiendoenverde.com\/ar\/wp-content\/uploads\/2021\/02\/cropped-logo-forma-circular.png","width":512,"height":512,"caption":"Aprendiendo en Verde"},"image":{"@id":"https:\/\/aprendiendoenverde.com\/ar\/#\/schema\/logo\/image\/"}},{"@type":"Person","@id":"https:\/\/aprendiendoenverde.com\/ar\/#\/schema\/person\/3ef09bbdd6bff1ac3504fbe0b3513250","name":"Aprendiendo en Verde","image":{"@type":"ImageObject","inLanguage":"es","@id":"https:\/\/aprendiendoenverde.com\/ar\/#\/schema\/person\/image\/","url":"https:\/\/secure.gravatar.com\/avatar\/da0d0f666f4186a34f483cd2eca07e55b1b3407d3bbe882bf63b6ce23d1a2d07?s=96&d=mm&r=g","contentUrl":"https:\/\/secure.gravatar.com\/avatar\/da0d0f666f4186a34f483cd2eca07e55b1b3407d3bbe882bf63b6ce23d1a2d07?s=96&d=mm&r=g","caption":"Aprendiendo en Verde"},"description":"Blog Aprendiendo en Verde - Fundaci\u00f3n Espacios Verdes: ONG Ambiental Nacional que desde 1991 promueve la educaci\u00f3n, conservaci\u00f3n y divulgaci\u00f3n para la sustentabilidad.","sameAs":["http:\/\/www.fev.org.ar","https:\/\/www.facebook.com\/share\/19to4fZ2LP\/","https:\/\/www.instagram.com\/educacionfev?igsh=NTJid212c3l6c2J0","https:\/\/www.linkedin.com\/company\/fundacionespaciosverdes\/","https:\/\/youtube.com\/@fevargentina?feature=shared"],"url":"https:\/\/aprendiendoenverde.com\/ar\/author\/admin\/"}]}},"_links":{"self":[{"href":"https:\/\/aprendiendoenverde.com\/ar\/wp-json\/wp\/v2\/posts\/6206","targetHints":{"allow":["GET"]}}],"collection":[{"href":"https:\/\/aprendiendoenverde.com\/ar\/wp-json\/wp\/v2\/posts"}],"about":[{"href":"https:\/\/aprendiendoenverde.com\/ar\/wp-json\/wp\/v2\/types\/post"}],"author":[{"embeddable":true,"href":"https:\/\/aprendiendoenverde.com\/ar\/wp-json\/wp\/v2\/users\/1"}],"replies":[{"embeddable":true,"href":"https:\/\/aprendiendoenverde.com\/ar\/wp-json\/wp\/v2\/comments?post=6206"}],"version-history":[{"count":2,"href":"https:\/\/aprendiendoenverde.com\/ar\/wp-json\/wp\/v2\/posts\/6206\/revisions"}],"predecessor-version":[{"id":6211,"href":"https:\/\/aprendiendoenverde.com\/ar\/wp-json\/wp\/v2\/posts\/6206\/revisions\/6211"}],"wp:featuredmedia":[{"embeddable":true,"href":"https:\/\/aprendiendoenverde.com\/ar\/wp-json\/wp\/v2\/media\/6207"}],"wp:attachment":[{"href":"https:\/\/aprendiendoenverde.com\/ar\/wp-json\/wp\/v2\/media?parent=6206"}],"wp:term":[{"taxonomy":"category","embeddable":true,"href":"https:\/\/aprendiendoenverde.com\/ar\/wp-json\/wp\/v2\/categories?post=6206"},{"taxonomy":"post_tag","embeddable":true,"href":"https:\/\/aprendiendoenverde.com\/ar\/wp-json\/wp\/v2\/tags?post=6206"}],"curies":[{"name":"wp","href":"https:\/\/api.w.org\/{rel}","templated":true}]}}