{"id":6131,"date":"2025-02-25T10:00:00","date_gmt":"2025-02-25T10:00:00","guid":{"rendered":"https:\/\/aprendiendoenverde.com\/ar\/?p=6131"},"modified":"2025-03-15T03:20:01","modified_gmt":"2025-03-15T03:20:01","slug":"accion-climatica-en-la-ciudad-de-buenos-aires","status":"publish","type":"post","link":"https:\/\/aprendiendoenverde.com\/ar\/2025\/02\/25\/accion-climatica-en-la-ciudad-de-buenos-aires\/","title":{"rendered":"Acci\u00f3n Clim\u00e1tica en la Ciudad de Buenos Aires"},"content":{"rendered":"\t\t<div data-elementor-type=\"wp-post\" data-elementor-id=\"6131\" class=\"elementor elementor-6131\">\n\t\t\t\t\t\t<div class=\"elementor-inner\">\n\t\t\t\t<div class=\"elementor-section-wrap\">\n\t\t\t\t\t\t\t\t\t<section class=\"elementor-section elementor-top-section elementor-element elementor-element-127666ad elementor-section-boxed elementor-section-height-default elementor-section-height-default\" data-id=\"127666ad\" data-element_type=\"section\">\n\t\t\t\t\t\t<div class=\"elementor-container elementor-column-gap-default\">\n\t\t\t\t\t\t\t<div class=\"elementor-row\">\n\t\t\t\t\t<div class=\"elementor-column elementor-col-100 elementor-top-column elementor-element elementor-element-376070dd\" data-id=\"376070dd\" data-element_type=\"column\">\n\t\t\t<div class=\"elementor-column-wrap elementor-element-populated\">\n\t\t\t\t\t\t\t<div class=\"elementor-widget-wrap\">\n\t\t\t\t\t\t<div class=\"elementor-element elementor-element-7d9a405 elementor-widget elementor-widget-heading\" data-id=\"7d9a405\" data-element_type=\"widget\" data-widget_type=\"heading.default\">\n\t\t\t\t<div class=\"elementor-widget-container\">\n\t\t\t<h2 class=\"elementor-heading-title elementor-size-small\"><b>Por Lisandro Priotti<\/b><\/h2>\t\t<\/div>\n\t\t\t\t<\/div>\n\t\t\t\t<div class=\"elementor-element elementor-element-76a7b332 elementor-widget elementor-widget-text-editor\" data-id=\"76a7b332\" data-element_type=\"widget\" data-widget_type=\"text-editor.default\">\n\t\t\t\t<div class=\"elementor-widget-container\">\n\t\t\t\t\t\t\t\t<div class=\"elementor-text-editor elementor-clearfix\">\n\t\t\t\t<p>En vista de que son las capitales y las grandes ciudades las que emiten la mayor cantidad de gases de efecto invernadero y por lo tanto tienen un mayor impacto y responsabilidad ambiental, es fundamental que cada una de ellas tenga un plan sist\u00e9mico y alineado con los acuerdos internacionales para solapar estos efectos.\u00a0<\/p>\n<p><!-- \/wp:paragraph --><!-- wp:paragraph --><\/p>\n<p>Por ello es que en 2017 la Ciudad Aut\u00f3noma de Buenos Aires integr\u00f3 el primer grupo de grandes urbes en adherir al compromiso impulsado por la red C40 de lograr ciudades carbono neutrales, resilientes e inclusivas para el 2050, en l\u00ednea con los objetivos del Acuerdo de Par\u00eds. Y es durante el corriente a\u00f1o 2025 que finaliza el plazo del tercer Plan de Acci\u00f3n Clim\u00e1tica (PAC), que comprende el periodo 2021-2025. El mismo se ubica particularmente en el denominado \u201cPAC 2050\u201d donde la Ciudad de Buenos Aires se ha comprometido para el a\u00f1o 2050 a ser una ciudad carbono neutral y, m\u00e1s recientemente, se han intensificado estas metas de tal manera que se busca disminuir en un 50% las emisiones de carbono para el a\u00f1o 2030, en comparaci\u00f3n con las emisiones del a\u00f1o 2015.\u00a0<\/p>\n<p><!-- \/wp:paragraph --><!-- wp:paragraph --><\/p>\n<p>El \u201cC40\u201d mencionado anteriormente es una red global de casi 100 alcaldes de las principales ciudades del mundo que est\u00e1n unidos en acci\u00f3n para enfrentar la crisis clim\u00e1tica. Los objetivos principales de esta red son reducir a la mitad su parte de emisiones para 2030 y ayudar al mundo a limitar el calentamiento global a 1.5 \u00b0C. Este grupo es inclusivo y heterog\u00e9neo, ya que lo integran casi todas las capitales junto con algunas de las ciudades m\u00e1s importantes del mundo.\u00a0<\/p>\n<p><!-- \/wp:paragraph --><!-- wp:paragraph --><\/p>\n<p>Los \u00e1mbitos de acci\u00f3n de este tercer plan son cuatro, de los cuales desglosaremos sus acciones particulares asociadas con las metas planteadas:\u00a0<\/p>\n<p><!-- \/wp:paragraph --><!-- wp:paragraph --><\/p>\n<p>1. <strong>Ciudad preparada: <\/strong>Este \u00e1mbito est\u00e1 asociado a la prevenci\u00f3n en infraestructura de la ciudad en pos de evitar los riesgos asociados con la poluci\u00f3n, la lluvia y dem\u00e1s fen\u00f3menos naturales. Se enfatiza en el uso de la naturaleza como soluci\u00f3n, buscando de esta manera la adquisiciones de nuevos y mejores \u00e1rboles y la ampliaci\u00f3n de los espacios verdes que puedan proporcionar a la ciudad no solo una calidad de vida superior sino que puedan dispersar y absorber la lluvia en un territorio como el de la Ciudad de Buenos Aires, donde la desviaci\u00f3n de estas aguas para que no influyan negativamente en la infraestructura y en los ciudadanos, es una tarea ardua y que demanda muchos recursos debido a la composici\u00f3n del suelo sobre la que est\u00e1 edificada.\u00a0<\/p>\n<p><!-- \/wp:paragraph --><!-- wp:paragraph --><\/p>\n<p>Algunas de las metas asociadas a esta acci\u00f3n (algunas asociadas al corto, mediano o largo plazo) son las siguientes:\u00a0<\/p>\n<p><!-- \/wp:paragraph --><!-- wp:paragraph --><\/p>\n<p>&#8211; Cero personas heridas o evacuadas para 2050\u00a0<\/p>\n<p><!-- \/wp:paragraph --><!-- wp:paragraph --><\/p>\n<p>&#8211; 100.000 nuevos \u00e1rboles para 2025\u00a0<\/p>\n<p><!-- \/wp:paragraph --><!-- wp:paragraph --><\/p>\n<p>&#8211; 400 metros de proximidad m\u00e1xima a un espacio verde para 2025<\/p>\n<p><!-- \/wp:paragraph --><!-- wp:paragraph --><\/p>\n<p>2. <strong>Ciudad cercana: <\/strong>Poniendo el foco en el peat\u00f3n, busca descentralizar la ciudad de tal manera de que una persona no deba trasladarse grandes distancias, mitigando de esta manera la huella de carbon con el fin de mejorar las alternativas de transporte para desincentivar el uso de autom\u00f3viles que contribuyen negativamente al medio ambiente y a la congesti\u00f3n de las v\u00edas de transporte.\u00a0<\/p>\n<p><!-- \/wp:paragraph --><!-- wp:paragraph --><\/p>\n<p>Las metas de este \u00e1mbito son:\u00a0<\/p>\n<p><!-- \/wp:paragraph --><!-- wp:paragraph --><\/p>\n<p>&#8211; 15 nuevas \u00e1reas peatonales para 2030\u00a0<\/p>\n<p><!-- \/wp:paragraph --><!-- wp:paragraph --><\/p>\n<p>&#8211; 48 calles de encuentro (una por cada barrio de la ciudad) para 2030 &#8211; 1 mill\u00f3n de viajes diarios en bici para 2023 (sin datos oficiales a\u00fan para evaluar el cumplimiento de la meta)\u00a0<\/p>\n<p><!-- \/wp:paragraph --><!-- wp:paragraph --><\/p>\n<p>&#8211; 30% menos de tiempo de viaje en nuevos corredores Metrob\u00fas para 2035\u00a0<\/p>\n<p><!-- \/wp:paragraph --><!-- wp:paragraph --><\/p>\n<p>3. <strong>Ciudad innovadora y baja en carbono: <\/strong>Desde los medios de transporte hasta los edificios han quedado con una infraestructura y recursos anticuados para las necesidades de una ciudad moderna. Por ello se busca la innovaci\u00f3n y la actualizaci\u00f3n hacia tecnolog\u00edas m\u00e1s eficientes y sustentables tanto en todas las dependencias estatales como en las tecnolog\u00edas y recursos de los privados, por lo tanto la articulaci\u00f3n entre diversas esferas de la vida p\u00fablica se hace primordial en este \u00e1mbito.\u00a0<\/p>\n<p><!-- \/wp:paragraph --><!-- wp:paragraph --><\/p>\n<p>Algunas de sus metas son las siguientes:\u00a0<\/p>\n<p><!-- \/wp:paragraph --><!-- wp:paragraph --><\/p>\n<p>&#8211; 100% de colectivos cero emisiones para 2050\u00a0<\/p>\n<p><!-- \/wp:paragraph --><!-- wp:paragraph --><\/p>\n<p>&#8211; Dos zonas de ultra bajas emisiones para 2030\u00a0<\/p>\n<p><!-- \/wp:paragraph --><!-- wp:paragraph --><\/p>\n<p>&#8211; 80% de edificios residenciales reacondicionados para 2050\u00a0<\/p>\n<p><!-- \/wp:paragraph --><!-- wp:paragraph --><\/p>\n<p>&#8211; Reducir 3,5 M de t CO2eq anual para 2050\u00a0<\/p>\n<p><!-- \/wp:paragraph --><!-- wp:paragraph --><\/p>\n<p>&#8211; 100% edificios p\u00fablicos con planes de eficiencia para 2025\u00a0<\/p>\n<p><!-- \/wp:paragraph --><!-- wp:paragraph --><\/p>\n<p>&#8211; 30% de techos residenciales con aprovechamiento solar FV para 2050 &#8211; 80% de restos verdes compostados para 2030\u00a0<\/p>\n<p><!-- \/wp:paragraph --><!-- wp:paragraph --><\/p>\n<p>&#8211; 100% de tratamiento del papel y cart\u00f3n para 2050\u00a0<\/p>\n<p><!-- \/wp:paragraph --><!-- wp:paragraph --><\/p>\n<p>&#8211; 80% de tratamiento de residuos org\u00e1nicos (alimenticios) para 2040\u00a0<\/p>\n<p><!-- \/wp:paragraph --><!-- wp:paragraph --><\/p>\n<p>4. <strong>Ciudad inclusiva: <\/strong>A trav\u00e9s de la cooperaci\u00f3n de los vecinos, se buscar\u00e1 una ciudad donde las diferencias en los barrios no sean determinantes de la salud de sus habitantes. Algunos barrios populares poseen graves y urgentes fallas que provocan no solo obst\u00e1culos para su desarrollo econ\u00f3mico sino tambi\u00e9n fuertes influencias negativas en la salud de sus habitantes. Por eso, la expansi\u00f3n de los servicios p\u00fablicos de calidad tanto de educaci\u00f3n como de salud, conforman la piedra angular en este \u00e1mbito.\u00a0<\/p>\n<p><span style=\"font-size: var( --e-global-typography-6d2c3cd-font-size ); letter-spacing: var( --e-global-typography-6d2c3cd-letter-spacing ); word-spacing: var( --e-global-typography-6d2c3cd-word-spacing );\">\u00a0<\/span><\/p>\n<p><span style=\"font-size: var( --e-global-typography-6d2c3cd-font-size ); letter-spacing: var( --e-global-typography-6d2c3cd-letter-spacing ); word-spacing: var( --e-global-typography-6d2c3cd-word-spacing );\">Concretamente, los objetivos son los siguientes:<\/span><\/p>\n<p><!-- \/wp:paragraph --><!-- wp:paragraph --><\/p>\n<p>&#8211; 100% de acceso a los servicios b\u00e1sicos para la poblaci\u00f3n afectada por los procesos de urbanizaci\u00f3n para 2030\u00a0<\/p>\n<p><!-- \/wp:paragraph --><!-- wp:paragraph --><\/p>\n<p>&#8211; 100% de Centros de D\u00eda y Jubilados alcanzados por el programa para 2025 &#8211; 100% de vecinos sin cobertura privada atendidos en el sistema p\u00fablico para 2030\u00a0<\/p>\n<p><!-- \/wp:paragraph --><!-- wp:paragraph --><\/p>\n<p>&#8211; 100% cumplimiento de est\u00e1ndares OMS de calidad de aire para 2050 &#8211; 100% de barrios populares con huertas para 2025\u00a0<\/p>\n<p><!-- \/wp:paragraph --><!-- wp:paragraph --><\/p>\n<p>&#8211; 100% escuelas de gesti\u00f3n estatal con reconocimiento como Escuela Verde para 2030\u00a0<\/p>\n<p><!-- \/wp:paragraph --><!-- wp:paragraph --><\/p>\n<p>Finalmente, este a\u00f1o se revisar\u00e1 este tercer plan por el equipo de Medioambiente de la Ciudad para evaluar su efectividad y el cumplimiento de sus metas. Posteriormente se lanzar\u00e1 un nuevo programa de acci\u00f3n clim\u00e1tica que seguramente culminar\u00e1 en 2030, en sinton\u00eda con el plazo objetivo de la \u201cAgenda 2030\u201d.<\/p>\n<p><!-- \/wp:paragraph --><!-- wp:paragraph --><\/p>\n<p><!-- \/wp:paragraph --><!-- wp:paragraph --><\/p>\n<p><!-- \/wp:paragraph --><!-- wp:paragraph --><\/p>\n<p><!-- \/wp:paragraph --><!-- wp:heading --><\/p>\n<h2 class=\"wp-block-heading\">\u00a0<\/h2>\n<p><!-- \/wp:heading --><!-- wp:paragraph --><\/p>\n<p><!-- \/wp:paragraph --><!-- wp:paragraph --><\/p>\n<p><!-- \/wp:paragraph --><\/p>\t\t\t\t\t<\/div>\n\t\t\t\t\t\t<\/div>\n\t\t\t\t<\/div>\n\t\t\t\t<div class=\"elementor-element elementor-element-4922698 elementor-widget elementor-widget-image\" data-id=\"4922698\" data-element_type=\"widget\" data-widget_type=\"image.default\">\n\t\t\t\t<div class=\"elementor-widget-container\">\n\t\t\t\t\t\t\t\t<div class=\"elementor-image\">\n\t\t\t\t\t\t\t\t\t\t\t\t<img loading=\"lazy\" decoding=\"async\" width=\"491\" height=\"697\" src=\"https:\/\/aprendiendoenverde.com\/ar\/wp-content\/uploads\/2025\/02\/PAC-2050.png\" class=\"attachment-large size-large wp-image-6135\" alt=\"\" srcset=\"https:\/\/aprendiendoenverde.com\/ar\/wp-content\/uploads\/2025\/02\/PAC-2050.png 491w, https:\/\/aprendiendoenverde.com\/ar\/wp-content\/uploads\/2025\/02\/PAC-2050-211x300.png 211w\" sizes=\"auto, (max-width: 34.9rem) calc(100vw - 2rem), (max-width: 53rem) calc(8 * (100vw \/ 12)), (min-width: 53rem) calc(6 * (100vw \/ 12)), 100vw\" \/>\t\t\t\t\t\t\t\t\t\t\t\t\t\t<\/div>\n\t\t\t\t\t\t<\/div>\n\t\t\t\t<\/div>\n\t\t\t\t\t\t<\/div>\n\t\t\t\t\t<\/div>\n\t\t<\/div>\n\t\t\t\t\t\t\t\t<\/div>\n\t\t\t\t\t<\/div>\n\t\t<\/section>\n\t\t\t\t\t\t\t\t\t<\/div>\n\t\t\t<\/div>\n\t\t\t\t\t<\/div>\n\t\t","protected":false},"excerpt":{"rendered":"<p>Por Lisandro Priotti En vista de que son las capitales y las grandes ciudades las que emiten la mayor cantidad de gases de efecto invernadero y por lo tanto tienen un mayor impacto y responsabilidad ambiental, es fundamental que cada una de ellas tenga un plan sist\u00e9mico y alineado con los acuerdos internacionales para solapar &hellip; <\/p>\n<p class=\"link-more\"><a href=\"https:\/\/aprendiendoenverde.com\/ar\/2025\/02\/25\/accion-climatica-en-la-ciudad-de-buenos-aires\/\" class=\"more-link\">Seguir leyendo<span class=\"screen-reader-text\"> \u00abAcci\u00f3n Clim\u00e1tica en la Ciudad de Buenos Aires\u00bb<\/span><\/a><\/p>\n","protected":false},"author":1,"featured_media":6141,"comment_status":"open","ping_status":"open","sticky":false,"template":"","format":"standard","meta":{"footnotes":""},"categories":[1],"tags":[],"class_list":["post-6131","post","type-post","status-publish","format-standard","has-post-thumbnail","hentry","category-sin-categoria","entry"],"yoast_head":"<!-- This site is optimized with the Yoast SEO plugin v20.7 - https:\/\/yoast.com\/wordpress\/plugins\/seo\/ -->\n<title>Acci\u00f3n Clim\u00e1tica en la Ciudad de Buenos Aires | Aprendiendo en Verde<\/title>\n<meta name=\"robots\" content=\"index, follow, max-snippet:-1, max-image-preview:large, max-video-preview:-1\" \/>\n<link rel=\"canonical\" href=\"https:\/\/aprendiendoenverde.com\/ar\/2025\/02\/25\/accion-climatica-en-la-ciudad-de-buenos-aires\/\" \/>\n<meta property=\"og:locale\" content=\"es_ES\" \/>\n<meta property=\"og:type\" content=\"article\" \/>\n<meta property=\"og:title\" content=\"Acci\u00f3n Clim\u00e1tica en la Ciudad de Buenos Aires | Aprendiendo en Verde\" \/>\n<meta property=\"og:description\" content=\"Por Lisandro Priotti En vista de que son las capitales y las grandes ciudades las que emiten la mayor cantidad de gases de efecto invernadero y por lo tanto tienen un mayor impacto y responsabilidad ambiental, es fundamental que cada una de ellas tenga un plan sist\u00e9mico y alineado con los acuerdos internacionales para solapar &hellip; Seguir leyendo \u00abAcci\u00f3n Clim\u00e1tica en la Ciudad de Buenos Aires\u00bb\" \/>\n<meta property=\"og:url\" content=\"https:\/\/aprendiendoenverde.com\/ar\/2025\/02\/25\/accion-climatica-en-la-ciudad-de-buenos-aires\/\" \/>\n<meta property=\"og:site_name\" content=\"Aprendiendo en Verde\" \/>\n<meta property=\"article:author\" content=\"https:\/\/www.facebook.com\/share\/19to4fZ2LP\/\" \/>\n<meta property=\"article:published_time\" content=\"2025-02-25T10:00:00+00:00\" \/>\n<meta property=\"article:modified_time\" content=\"2025-03-15T03:20:01+00:00\" \/>\n<meta property=\"og:image\" content=\"https:\/\/aprendiendoenverde.com\/ar\/wp-content\/uploads\/2025\/02\/sebastian-cyrman-ezODfJFLs68-unsplash-scaled.jpg\" \/>\n\t<meta property=\"og:image:width\" content=\"2560\" \/>\n\t<meta property=\"og:image:height\" content=\"1405\" \/>\n\t<meta property=\"og:image:type\" content=\"image\/jpeg\" \/>\n<meta name=\"author\" content=\"Aprendiendo en Verde\" \/>\n<meta name=\"twitter:card\" content=\"summary_large_image\" \/>\n<meta name=\"twitter:label1\" content=\"Escrito por\" \/>\n\t<meta name=\"twitter:data1\" content=\"Aprendiendo en Verde\" \/>\n\t<meta name=\"twitter:label2\" content=\"Tiempo de lectura\" \/>\n\t<meta name=\"twitter:data2\" content=\"5 minutos\" \/>\n<script type=\"application\/ld+json\" class=\"yoast-schema-graph\">{\"@context\":\"https:\/\/schema.org\",\"@graph\":[{\"@type\":\"Article\",\"@id\":\"https:\/\/aprendiendoenverde.com\/ar\/2025\/02\/25\/accion-climatica-en-la-ciudad-de-buenos-aires\/#article\",\"isPartOf\":{\"@id\":\"https:\/\/aprendiendoenverde.com\/ar\/2025\/02\/25\/accion-climatica-en-la-ciudad-de-buenos-aires\/\"},\"author\":{\"name\":\"Aprendiendo en Verde\",\"@id\":\"https:\/\/aprendiendoenverde.com\/ar\/#\/schema\/person\/3ef09bbdd6bff1ac3504fbe0b3513250\"},\"headline\":\"Acci\u00f3n Clim\u00e1tica en la Ciudad de Buenos Aires\",\"datePublished\":\"2025-02-25T10:00:00+00:00\",\"dateModified\":\"2025-03-15T03:20:01+00:00\",\"mainEntityOfPage\":{\"@id\":\"https:\/\/aprendiendoenverde.com\/ar\/2025\/02\/25\/accion-climatica-en-la-ciudad-de-buenos-aires\/\"},\"wordCount\":995,\"commentCount\":0,\"publisher\":{\"@id\":\"https:\/\/aprendiendoenverde.com\/ar\/#organization\"},\"inLanguage\":\"es\",\"potentialAction\":[{\"@type\":\"CommentAction\",\"name\":\"Comment\",\"target\":[\"https:\/\/aprendiendoenverde.com\/ar\/2025\/02\/25\/accion-climatica-en-la-ciudad-de-buenos-aires\/#respond\"]}]},{\"@type\":\"WebPage\",\"@id\":\"https:\/\/aprendiendoenverde.com\/ar\/2025\/02\/25\/accion-climatica-en-la-ciudad-de-buenos-aires\/\",\"url\":\"https:\/\/aprendiendoenverde.com\/ar\/2025\/02\/25\/accion-climatica-en-la-ciudad-de-buenos-aires\/\",\"name\":\"Acci\u00f3n Clim\u00e1tica en la Ciudad de Buenos Aires | Aprendiendo en Verde\",\"isPartOf\":{\"@id\":\"https:\/\/aprendiendoenverde.com\/ar\/#website\"},\"datePublished\":\"2025-02-25T10:00:00+00:00\",\"dateModified\":\"2025-03-15T03:20:01+00:00\",\"breadcrumb\":{\"@id\":\"https:\/\/aprendiendoenverde.com\/ar\/2025\/02\/25\/accion-climatica-en-la-ciudad-de-buenos-aires\/#breadcrumb\"},\"inLanguage\":\"es\",\"potentialAction\":[{\"@type\":\"ReadAction\",\"target\":[\"https:\/\/aprendiendoenverde.com\/ar\/2025\/02\/25\/accion-climatica-en-la-ciudad-de-buenos-aires\/\"]}]},{\"@type\":\"BreadcrumbList\",\"@id\":\"https:\/\/aprendiendoenverde.com\/ar\/2025\/02\/25\/accion-climatica-en-la-ciudad-de-buenos-aires\/#breadcrumb\",\"itemListElement\":[{\"@type\":\"ListItem\",\"position\":1,\"name\":\"Home\",\"item\":\"https:\/\/aprendiendoenverde.com\/ar\/\"},{\"@type\":\"ListItem\",\"position\":2,\"name\":\"Acci\u00f3n Clim\u00e1tica en la Ciudad de Buenos Aires\"}]},{\"@type\":\"WebSite\",\"@id\":\"https:\/\/aprendiendoenverde.com\/ar\/#website\",\"url\":\"https:\/\/aprendiendoenverde.com\/ar\/\",\"name\":\"Aprendiendo en Verde\",\"description\":\"Educaci\u00f3n y Gesti\u00f3n Ambiental\",\"publisher\":{\"@id\":\"https:\/\/aprendiendoenverde.com\/ar\/#organization\"},\"potentialAction\":[{\"@type\":\"SearchAction\",\"target\":{\"@type\":\"EntryPoint\",\"urlTemplate\":\"https:\/\/aprendiendoenverde.com\/ar\/?s={search_term_string}\"},\"query-input\":\"required name=search_term_string\"}],\"inLanguage\":\"es\"},{\"@type\":\"Organization\",\"@id\":\"https:\/\/aprendiendoenverde.com\/ar\/#organization\",\"name\":\"Aprendiendo en Verde\",\"url\":\"https:\/\/aprendiendoenverde.com\/ar\/\",\"logo\":{\"@type\":\"ImageObject\",\"inLanguage\":\"es\",\"@id\":\"https:\/\/aprendiendoenverde.com\/ar\/#\/schema\/logo\/image\/\",\"url\":\"https:\/\/aprendiendoenverde.com\/ar\/wp-content\/uploads\/2021\/02\/cropped-logo-forma-circular.png\",\"contentUrl\":\"https:\/\/aprendiendoenverde.com\/ar\/wp-content\/uploads\/2021\/02\/cropped-logo-forma-circular.png\",\"width\":512,\"height\":512,\"caption\":\"Aprendiendo en Verde\"},\"image\":{\"@id\":\"https:\/\/aprendiendoenverde.com\/ar\/#\/schema\/logo\/image\/\"}},{\"@type\":\"Person\",\"@id\":\"https:\/\/aprendiendoenverde.com\/ar\/#\/schema\/person\/3ef09bbdd6bff1ac3504fbe0b3513250\",\"name\":\"Aprendiendo en Verde\",\"image\":{\"@type\":\"ImageObject\",\"inLanguage\":\"es\",\"@id\":\"https:\/\/aprendiendoenverde.com\/ar\/#\/schema\/person\/image\/\",\"url\":\"https:\/\/secure.gravatar.com\/avatar\/da0d0f666f4186a34f483cd2eca07e55b1b3407d3bbe882bf63b6ce23d1a2d07?s=96&d=mm&r=g\",\"contentUrl\":\"https:\/\/secure.gravatar.com\/avatar\/da0d0f666f4186a34f483cd2eca07e55b1b3407d3bbe882bf63b6ce23d1a2d07?s=96&d=mm&r=g\",\"caption\":\"Aprendiendo en Verde\"},\"description\":\"Blog Aprendiendo en Verde - Fundaci\u00f3n Espacios Verdes: ONG Ambiental Nacional que desde 1991 promueve la educaci\u00f3n, conservaci\u00f3n y divulgaci\u00f3n para la sustentabilidad.\",\"sameAs\":[\"http:\/\/www.fev.org.ar\",\"https:\/\/www.facebook.com\/share\/19to4fZ2LP\/\",\"https:\/\/www.instagram.com\/educacionfev?igsh=NTJid212c3l6c2J0\",\"https:\/\/www.linkedin.com\/company\/fundacionespaciosverdes\/\",\"https:\/\/youtube.com\/@fevargentina?feature=shared\"],\"url\":\"https:\/\/aprendiendoenverde.com\/ar\/author\/admin\/\"}]}<\/script>\n<!-- \/ Yoast SEO plugin. -->","yoast_head_json":{"title":"Acci\u00f3n Clim\u00e1tica en la Ciudad de Buenos Aires | Aprendiendo en Verde","robots":{"index":"index","follow":"follow","max-snippet":"max-snippet:-1","max-image-preview":"max-image-preview:large","max-video-preview":"max-video-preview:-1"},"canonical":"https:\/\/aprendiendoenverde.com\/ar\/2025\/02\/25\/accion-climatica-en-la-ciudad-de-buenos-aires\/","og_locale":"es_ES","og_type":"article","og_title":"Acci\u00f3n Clim\u00e1tica en la Ciudad de Buenos Aires | Aprendiendo en Verde","og_description":"Por Lisandro Priotti En vista de que son las capitales y las grandes ciudades las que emiten la mayor cantidad de gases de efecto invernadero y por lo tanto tienen un mayor impacto y responsabilidad ambiental, es fundamental que cada una de ellas tenga un plan sist\u00e9mico y alineado con los acuerdos internacionales para solapar &hellip; Seguir leyendo \u00abAcci\u00f3n Clim\u00e1tica en la Ciudad de Buenos Aires\u00bb","og_url":"https:\/\/aprendiendoenverde.com\/ar\/2025\/02\/25\/accion-climatica-en-la-ciudad-de-buenos-aires\/","og_site_name":"Aprendiendo en Verde","article_author":"https:\/\/www.facebook.com\/share\/19to4fZ2LP\/","article_published_time":"2025-02-25T10:00:00+00:00","article_modified_time":"2025-03-15T03:20:01+00:00","og_image":[{"width":2560,"height":1405,"url":"https:\/\/aprendiendoenverde.com\/ar\/wp-content\/uploads\/2025\/02\/sebastian-cyrman-ezODfJFLs68-unsplash-scaled.jpg","type":"image\/jpeg"}],"author":"Aprendiendo en Verde","twitter_card":"summary_large_image","twitter_misc":{"Escrito por":"Aprendiendo en Verde","Tiempo de lectura":"5 minutos"},"schema":{"@context":"https:\/\/schema.org","@graph":[{"@type":"Article","@id":"https:\/\/aprendiendoenverde.com\/ar\/2025\/02\/25\/accion-climatica-en-la-ciudad-de-buenos-aires\/#article","isPartOf":{"@id":"https:\/\/aprendiendoenverde.com\/ar\/2025\/02\/25\/accion-climatica-en-la-ciudad-de-buenos-aires\/"},"author":{"name":"Aprendiendo en Verde","@id":"https:\/\/aprendiendoenverde.com\/ar\/#\/schema\/person\/3ef09bbdd6bff1ac3504fbe0b3513250"},"headline":"Acci\u00f3n Clim\u00e1tica en la Ciudad de Buenos Aires","datePublished":"2025-02-25T10:00:00+00:00","dateModified":"2025-03-15T03:20:01+00:00","mainEntityOfPage":{"@id":"https:\/\/aprendiendoenverde.com\/ar\/2025\/02\/25\/accion-climatica-en-la-ciudad-de-buenos-aires\/"},"wordCount":995,"commentCount":0,"publisher":{"@id":"https:\/\/aprendiendoenverde.com\/ar\/#organization"},"inLanguage":"es","potentialAction":[{"@type":"CommentAction","name":"Comment","target":["https:\/\/aprendiendoenverde.com\/ar\/2025\/02\/25\/accion-climatica-en-la-ciudad-de-buenos-aires\/#respond"]}]},{"@type":"WebPage","@id":"https:\/\/aprendiendoenverde.com\/ar\/2025\/02\/25\/accion-climatica-en-la-ciudad-de-buenos-aires\/","url":"https:\/\/aprendiendoenverde.com\/ar\/2025\/02\/25\/accion-climatica-en-la-ciudad-de-buenos-aires\/","name":"Acci\u00f3n Clim\u00e1tica en la Ciudad de Buenos Aires | Aprendiendo en Verde","isPartOf":{"@id":"https:\/\/aprendiendoenverde.com\/ar\/#website"},"datePublished":"2025-02-25T10:00:00+00:00","dateModified":"2025-03-15T03:20:01+00:00","breadcrumb":{"@id":"https:\/\/aprendiendoenverde.com\/ar\/2025\/02\/25\/accion-climatica-en-la-ciudad-de-buenos-aires\/#breadcrumb"},"inLanguage":"es","potentialAction":[{"@type":"ReadAction","target":["https:\/\/aprendiendoenverde.com\/ar\/2025\/02\/25\/accion-climatica-en-la-ciudad-de-buenos-aires\/"]}]},{"@type":"BreadcrumbList","@id":"https:\/\/aprendiendoenverde.com\/ar\/2025\/02\/25\/accion-climatica-en-la-ciudad-de-buenos-aires\/#breadcrumb","itemListElement":[{"@type":"ListItem","position":1,"name":"Home","item":"https:\/\/aprendiendoenverde.com\/ar\/"},{"@type":"ListItem","position":2,"name":"Acci\u00f3n Clim\u00e1tica en la Ciudad de Buenos Aires"}]},{"@type":"WebSite","@id":"https:\/\/aprendiendoenverde.com\/ar\/#website","url":"https:\/\/aprendiendoenverde.com\/ar\/","name":"Aprendiendo en Verde","description":"Educaci\u00f3n y Gesti\u00f3n Ambiental","publisher":{"@id":"https:\/\/aprendiendoenverde.com\/ar\/#organization"},"potentialAction":[{"@type":"SearchAction","target":{"@type":"EntryPoint","urlTemplate":"https:\/\/aprendiendoenverde.com\/ar\/?s={search_term_string}"},"query-input":"required name=search_term_string"}],"inLanguage":"es"},{"@type":"Organization","@id":"https:\/\/aprendiendoenverde.com\/ar\/#organization","name":"Aprendiendo en Verde","url":"https:\/\/aprendiendoenverde.com\/ar\/","logo":{"@type":"ImageObject","inLanguage":"es","@id":"https:\/\/aprendiendoenverde.com\/ar\/#\/schema\/logo\/image\/","url":"https:\/\/aprendiendoenverde.com\/ar\/wp-content\/uploads\/2021\/02\/cropped-logo-forma-circular.png","contentUrl":"https:\/\/aprendiendoenverde.com\/ar\/wp-content\/uploads\/2021\/02\/cropped-logo-forma-circular.png","width":512,"height":512,"caption":"Aprendiendo en Verde"},"image":{"@id":"https:\/\/aprendiendoenverde.com\/ar\/#\/schema\/logo\/image\/"}},{"@type":"Person","@id":"https:\/\/aprendiendoenverde.com\/ar\/#\/schema\/person\/3ef09bbdd6bff1ac3504fbe0b3513250","name":"Aprendiendo en Verde","image":{"@type":"ImageObject","inLanguage":"es","@id":"https:\/\/aprendiendoenverde.com\/ar\/#\/schema\/person\/image\/","url":"https:\/\/secure.gravatar.com\/avatar\/da0d0f666f4186a34f483cd2eca07e55b1b3407d3bbe882bf63b6ce23d1a2d07?s=96&d=mm&r=g","contentUrl":"https:\/\/secure.gravatar.com\/avatar\/da0d0f666f4186a34f483cd2eca07e55b1b3407d3bbe882bf63b6ce23d1a2d07?s=96&d=mm&r=g","caption":"Aprendiendo en Verde"},"description":"Blog Aprendiendo en Verde - Fundaci\u00f3n Espacios Verdes: ONG Ambiental Nacional que desde 1991 promueve la educaci\u00f3n, conservaci\u00f3n y divulgaci\u00f3n para la sustentabilidad.","sameAs":["http:\/\/www.fev.org.ar","https:\/\/www.facebook.com\/share\/19to4fZ2LP\/","https:\/\/www.instagram.com\/educacionfev?igsh=NTJid212c3l6c2J0","https:\/\/www.linkedin.com\/company\/fundacionespaciosverdes\/","https:\/\/youtube.com\/@fevargentina?feature=shared"],"url":"https:\/\/aprendiendoenverde.com\/ar\/author\/admin\/"}]}},"_links":{"self":[{"href":"https:\/\/aprendiendoenverde.com\/ar\/wp-json\/wp\/v2\/posts\/6131","targetHints":{"allow":["GET"]}}],"collection":[{"href":"https:\/\/aprendiendoenverde.com\/ar\/wp-json\/wp\/v2\/posts"}],"about":[{"href":"https:\/\/aprendiendoenverde.com\/ar\/wp-json\/wp\/v2\/types\/post"}],"author":[{"embeddable":true,"href":"https:\/\/aprendiendoenverde.com\/ar\/wp-json\/wp\/v2\/users\/1"}],"replies":[{"embeddable":true,"href":"https:\/\/aprendiendoenverde.com\/ar\/wp-json\/wp\/v2\/comments?post=6131"}],"version-history":[{"count":12,"href":"https:\/\/aprendiendoenverde.com\/ar\/wp-json\/wp\/v2\/posts\/6131\/revisions"}],"predecessor-version":[{"id":6148,"href":"https:\/\/aprendiendoenverde.com\/ar\/wp-json\/wp\/v2\/posts\/6131\/revisions\/6148"}],"wp:featuredmedia":[{"embeddable":true,"href":"https:\/\/aprendiendoenverde.com\/ar\/wp-json\/wp\/v2\/media\/6141"}],"wp:attachment":[{"href":"https:\/\/aprendiendoenverde.com\/ar\/wp-json\/wp\/v2\/media?parent=6131"}],"wp:term":[{"taxonomy":"category","embeddable":true,"href":"https:\/\/aprendiendoenverde.com\/ar\/wp-json\/wp\/v2\/categories?post=6131"},{"taxonomy":"post_tag","embeddable":true,"href":"https:\/\/aprendiendoenverde.com\/ar\/wp-json\/wp\/v2\/tags?post=6131"}],"curies":[{"name":"wp","href":"https:\/\/api.w.org\/{rel}","templated":true}]}}