{"id":6102,"date":"2024-11-26T17:49:24","date_gmt":"2024-11-26T17:49:24","guid":{"rendered":"https:\/\/aprendiendoenverde.com\/ar\/?p=6102"},"modified":"2025-03-15T03:22:00","modified_gmt":"2025-03-15T03:22:00","slug":"dia-mundial-contra-el-uso-indiscriminado-de-agroquimicos","status":"publish","type":"post","link":"https:\/\/aprendiendoenverde.com\/ar\/2024\/11\/26\/dia-mundial-contra-el-uso-indiscriminado-de-agroquimicos\/","title":{"rendered":"D\u00eda Mundial Contra el Uso Indiscriminado de Agroqu\u00edmicos"},"content":{"rendered":"\n<p><strong>Por Milena Moyano &#8211; Licenciada en Ciencias Ambientales<\/strong><\/p>\n\n\n\n<p>El <strong>26 de noviembre<\/strong> es el <strong>D\u00eda Mundial contra el Uso indiscriminado de Agroqu\u00edmicos<\/strong>. Esta fecha fue establecida por el Pesticida Action Network (PAN) en honor a las personas que fallecieron o sufrieron secuelas tras la fuga de Bhopal en&nbsp; India en 1984.<\/p>\n\n\n\n<p>El 3 de diciembre de 1984, en la ciudad india de Bhopal, ocurri\u00f3 una fuga de gas t\u00f3xico en la planta de pesticidas de Uni\u00f3n Carbide, que provoc\u00f3 a muerte de miles de personas y dej\u00f3 a cientos de miles m\u00e1s afectadas por las consecuencias a largo plazo. Sin embargo, el D\u00eda Mundial contra el Uso Indiscriminado de Agroqu\u00edmicos no se establece espec\u00edficamente para recordar esta fecha, sino que se establece en su contexto m\u00e1s amplio, vinculado a la conciencia sobre los peligros del uso no controlado de productos qu\u00edmicos agr\u00edcolas. <strong>La fecha fue elegida por un grupo de ecologistas y derechos humanos para sensibilizar al p\u00fablico sobre los riesgos asociados con los agroqu\u00edmicos<\/strong> debido a que, ese d\u00eda de 1985, a\u00f1o siguiente del episodio, se organiz\u00f3 un evento importante en India, con el objetivo <strong>de recordar a las v\u00edctimas y de hacer un llamado global al control de los qu\u00edmicos peligrosos en la agricultura<\/strong>, siendo un recordatorio de los efectos a la salud humana y al ambiente, ya que muchos productos utilizados en la agricultura hoy siguen siendo altamente t\u00f3xicos y su uso desmedido sigue siendo un gran problema a nivel mundial.&nbsp;<\/p>\n\n\n\n<figure class=\"wp-block-image size-large\"><img loading=\"lazy\" decoding=\"async\" width=\"627\" height=\"363\" src=\"https:\/\/aprendiendoenverde.com\/ar\/wp-content\/uploads\/2024\/11\/image.png\" alt=\"\" class=\"wp-image-6103\" srcset=\"https:\/\/aprendiendoenverde.com\/ar\/wp-content\/uploads\/2024\/11\/image.png 627w, https:\/\/aprendiendoenverde.com\/ar\/wp-content\/uploads\/2024\/11\/image-300x174.png 300w\" sizes=\"auto, (max-width: 627px) 100vw, 627px\" \/><\/figure>\n\n\n\n<p>El objetivo de esta fecha es:<\/p>\n\n\n\n<ul class=\"wp-block-list\">\n<li>Concientizar sobre el impacto de los agroqu\u00edmicos en la salud humana y el ambiente.<\/li>\n\n\n\n<li>Promover alternativas m\u00e1s sostenibles para la producci\u00f3n de alimentos.<\/li>\n\n\n\n<li>Fomentar pr\u00e1cticas agr\u00edcolas amigables con el ambiente y la salud.&nbsp;<\/li>\n<\/ul>\n\n\n\n<p>Los agroqu\u00edmicos se definen como productos concentrados que son utilizados como insecticidas, herbicidas, nematicidas y fungicidas. Incluye otros agentes qu\u00edmicos de crecimiento, hormonas y fertilizantes sint\u00e9ticos.&nbsp;<\/p>\n\n\n\n<p>Los componentes qu\u00edmicos de estos compuestos producen contaminaci\u00f3n en los suelos y fuentes de agua naturales, afectando la salud de las personas, as\u00ed como especies de flora y fauna silvestre. El principal problema radica en el uso indiscriminado de estos, ya que pueden desarrollar resistencia del agente o plaga a ese producto. Por otro lado, afecta igualmente a los polinizadores y otros organismos beneficios, propiciando la aparici\u00f3n de plagas o enfermedades secundarias.&nbsp;<\/p>\n\n\n\n<p>Los principales efectos a largo plazo de los plaguicidas se pueden agrupar en:<\/p>\n\n\n\n<ul class=\"wp-block-list\">\n<li>Los que afectan directamente al individuo expuesto (provocando intoxicaciones, esterilidad, alteraciones hormonales, enfermedades cardiovasculares, c\u00e1ncer,&nbsp; trastornos neurol\u00f3gicos como Parkinson, efectos en la salud infantil con problemas en el desarrollo de aprendizaje, entre otros).<\/li>\n\n\n\n<li>Los que se observan en su descendencia (mutag\u00e9nesis, alteraciones del sistema inmunol\u00f3gico o sistema nervioso central).<\/li>\n<\/ul>\n\n\n\n<p>Esta preocupaci\u00f3n es a\u00fan m\u00e1s relevante en \u00e1reas rurales, donde el uso de agroqu\u00edmicos es significativamente m\u00e1s frecuente debido a las pr\u00e1cticas agr\u00edcolas intensivas y la dependencia de estos productos para aumentar los rendimientos de los cultivos. En estas zonas, los trabajadores del campo y comunidades cercanas, est\u00e1n en constante riesgo de exposici\u00f3n directa a pesticidas, herbicidas y fertilizantes, ya que estos qu\u00edmicos pueden acumularse a trav\u00e9s de un proceso llamado bioacumulaci\u00f3n, donde los t\u00f3xicos se concentran a medida que suben en la cadena alimentario y pudiendo resultar en una biomagnificaci\u00f3n, es decir, aumento en la concentraci\u00f3n de sustancias t\u00f3xicas. A esto se le suma la falta de educaci\u00f3n sobre el manejo adecuado de estos productos, la ausencia de medidas de protecci\u00f3n y el acceso limitado a servicios de salud.&nbsp;<\/p>\n\n\n\n<p>El uso de agroqu\u00edmicos tambi\u00e9n genera impactos socioecon\u00f3micos significativos. En muchos casos, la utilizaci\u00f3n por parte de los agricultores se convierte en una necesidad para asegurar la productividad de los cultivos. Esto impacta en la econom\u00eda de los agricultores ya que muchos dependen de estos productos para el crecimiento de cultivos por el control de plagas y enfermedades. Esto suele ser un problema cuando los precios de los productos qu\u00edmicos aumentan. Si los precios aumentan o hay escasez de ciertos productos, los agricultores pueden enfrentar dificultades econ\u00f3micas, ya que la cosecha no puede ser suficiente para cubrir costos elevados poni\u00e9ndolos en una situaci\u00f3n vulnerable si no pueden aumentar el precio de sus productos o si es su \u00fanica fuente de ingreso. &nbsp;<\/p>\n\n\n\n<p>Frente a la problem\u00e1tica que hoy enfrentamos por el uso de agroqu\u00edmicos, es fundamental adoptar medidas sostenibles que minimicen los efectos negativos, promoviendo pr\u00e1cticas sostenibles que garanticen la protecci\u00f3n de los recursos naturales.<\/p>\n\n\n\n<p><\/p>\n","protected":false},"excerpt":{"rendered":"<p>Por Milena Moyano &#8211; Licenciada en Ciencias Ambientales El 26 de noviembre es el D\u00eda Mundial contra el Uso indiscriminado de Agroqu\u00edmicos. Esta fecha fue establecida por el Pesticida Action Network (PAN) en honor a las personas que fallecieron o sufrieron secuelas tras la fuga de Bhopal en&nbsp; India en 1984. El 3 de diciembre &hellip; <\/p>\n<p class=\"link-more\"><a href=\"https:\/\/aprendiendoenverde.com\/ar\/2024\/11\/26\/dia-mundial-contra-el-uso-indiscriminado-de-agroquimicos\/\" class=\"more-link\">Seguir leyendo<span class=\"screen-reader-text\"> \u00abD\u00eda Mundial Contra el Uso Indiscriminado de Agroqu\u00edmicos\u00bb<\/span><\/a><\/p>\n","protected":false},"author":1,"featured_media":6106,"comment_status":"open","ping_status":"open","sticky":false,"template":"","format":"standard","meta":{"footnotes":""},"categories":[1],"tags":[],"class_list":["post-6102","post","type-post","status-publish","format-standard","has-post-thumbnail","hentry","category-sin-categoria","entry"],"yoast_head":"<!-- This site is optimized with the Yoast SEO plugin v20.7 - https:\/\/yoast.com\/wordpress\/plugins\/seo\/ -->\n<title>D\u00eda Mundial Contra el Uso Indiscriminado de Agroqu\u00edmicos | Aprendiendo en Verde<\/title>\n<meta name=\"robots\" content=\"index, follow, max-snippet:-1, max-image-preview:large, max-video-preview:-1\" \/>\n<link rel=\"canonical\" href=\"https:\/\/aprendiendoenverde.com\/ar\/2024\/11\/26\/dia-mundial-contra-el-uso-indiscriminado-de-agroquimicos\/\" \/>\n<meta property=\"og:locale\" content=\"es_ES\" \/>\n<meta property=\"og:type\" content=\"article\" \/>\n<meta property=\"og:title\" content=\"D\u00eda Mundial Contra el Uso Indiscriminado de Agroqu\u00edmicos | Aprendiendo en Verde\" \/>\n<meta property=\"og:description\" content=\"Por Milena Moyano &#8211; Licenciada en Ciencias Ambientales El 26 de noviembre es el D\u00eda Mundial contra el Uso indiscriminado de Agroqu\u00edmicos. Esta fecha fue establecida por el Pesticida Action Network (PAN) en honor a las personas que fallecieron o sufrieron secuelas tras la fuga de Bhopal en&nbsp; India en 1984. El 3 de diciembre &hellip; Seguir leyendo \u00abD\u00eda Mundial Contra el Uso Indiscriminado de Agroqu\u00edmicos\u00bb\" \/>\n<meta property=\"og:url\" content=\"https:\/\/aprendiendoenverde.com\/ar\/2024\/11\/26\/dia-mundial-contra-el-uso-indiscriminado-de-agroquimicos\/\" \/>\n<meta property=\"og:site_name\" content=\"Aprendiendo en Verde\" \/>\n<meta property=\"article:author\" content=\"https:\/\/www.facebook.com\/share\/19to4fZ2LP\/\" \/>\n<meta property=\"article:published_time\" content=\"2024-11-26T17:49:24+00:00\" \/>\n<meta property=\"article:modified_time\" content=\"2025-03-15T03:22:00+00:00\" \/>\n<meta property=\"og:image\" content=\"https:\/\/aprendiendoenverde.com\/ar\/wp-content\/uploads\/2024\/11\/numeralia-vita-zein-3jbcKf2Y6VU-unsplash-scaled.jpg\" \/>\n\t<meta property=\"og:image:width\" content=\"2560\" \/>\n\t<meta property=\"og:image:height\" content=\"1707\" \/>\n\t<meta property=\"og:image:type\" content=\"image\/jpeg\" \/>\n<meta name=\"author\" content=\"Aprendiendo en Verde\" \/>\n<meta name=\"twitter:card\" content=\"summary_large_image\" \/>\n<meta name=\"twitter:label1\" content=\"Escrito por\" \/>\n\t<meta name=\"twitter:data1\" content=\"Aprendiendo en Verde\" \/>\n\t<meta name=\"twitter:label2\" content=\"Tiempo de lectura\" \/>\n\t<meta name=\"twitter:data2\" content=\"4 minutos\" \/>\n<script type=\"application\/ld+json\" class=\"yoast-schema-graph\">{\"@context\":\"https:\/\/schema.org\",\"@graph\":[{\"@type\":\"Article\",\"@id\":\"https:\/\/aprendiendoenverde.com\/ar\/2024\/11\/26\/dia-mundial-contra-el-uso-indiscriminado-de-agroquimicos\/#article\",\"isPartOf\":{\"@id\":\"https:\/\/aprendiendoenverde.com\/ar\/2024\/11\/26\/dia-mundial-contra-el-uso-indiscriminado-de-agroquimicos\/\"},\"author\":{\"name\":\"Aprendiendo en Verde\",\"@id\":\"https:\/\/aprendiendoenverde.com\/ar\/#\/schema\/person\/3ef09bbdd6bff1ac3504fbe0b3513250\"},\"headline\":\"D\u00eda Mundial Contra el Uso Indiscriminado de Agroqu\u00edmicos\",\"datePublished\":\"2024-11-26T17:49:24+00:00\",\"dateModified\":\"2025-03-15T03:22:00+00:00\",\"mainEntityOfPage\":{\"@id\":\"https:\/\/aprendiendoenverde.com\/ar\/2024\/11\/26\/dia-mundial-contra-el-uso-indiscriminado-de-agroquimicos\/\"},\"wordCount\":804,\"commentCount\":0,\"publisher\":{\"@id\":\"https:\/\/aprendiendoenverde.com\/ar\/#organization\"},\"inLanguage\":\"es\",\"potentialAction\":[{\"@type\":\"CommentAction\",\"name\":\"Comment\",\"target\":[\"https:\/\/aprendiendoenverde.com\/ar\/2024\/11\/26\/dia-mundial-contra-el-uso-indiscriminado-de-agroquimicos\/#respond\"]}]},{\"@type\":\"WebPage\",\"@id\":\"https:\/\/aprendiendoenverde.com\/ar\/2024\/11\/26\/dia-mundial-contra-el-uso-indiscriminado-de-agroquimicos\/\",\"url\":\"https:\/\/aprendiendoenverde.com\/ar\/2024\/11\/26\/dia-mundial-contra-el-uso-indiscriminado-de-agroquimicos\/\",\"name\":\"D\u00eda Mundial Contra el Uso Indiscriminado de Agroqu\u00edmicos | Aprendiendo en Verde\",\"isPartOf\":{\"@id\":\"https:\/\/aprendiendoenverde.com\/ar\/#website\"},\"datePublished\":\"2024-11-26T17:49:24+00:00\",\"dateModified\":\"2025-03-15T03:22:00+00:00\",\"breadcrumb\":{\"@id\":\"https:\/\/aprendiendoenverde.com\/ar\/2024\/11\/26\/dia-mundial-contra-el-uso-indiscriminado-de-agroquimicos\/#breadcrumb\"},\"inLanguage\":\"es\",\"potentialAction\":[{\"@type\":\"ReadAction\",\"target\":[\"https:\/\/aprendiendoenverde.com\/ar\/2024\/11\/26\/dia-mundial-contra-el-uso-indiscriminado-de-agroquimicos\/\"]}]},{\"@type\":\"BreadcrumbList\",\"@id\":\"https:\/\/aprendiendoenverde.com\/ar\/2024\/11\/26\/dia-mundial-contra-el-uso-indiscriminado-de-agroquimicos\/#breadcrumb\",\"itemListElement\":[{\"@type\":\"ListItem\",\"position\":1,\"name\":\"Home\",\"item\":\"https:\/\/aprendiendoenverde.com\/ar\/\"},{\"@type\":\"ListItem\",\"position\":2,\"name\":\"D\u00eda Mundial Contra el Uso Indiscriminado de Agroqu\u00edmicos\"}]},{\"@type\":\"WebSite\",\"@id\":\"https:\/\/aprendiendoenverde.com\/ar\/#website\",\"url\":\"https:\/\/aprendiendoenverde.com\/ar\/\",\"name\":\"Aprendiendo en Verde\",\"description\":\"Educaci\u00f3n y Gesti\u00f3n Ambiental\",\"publisher\":{\"@id\":\"https:\/\/aprendiendoenverde.com\/ar\/#organization\"},\"potentialAction\":[{\"@type\":\"SearchAction\",\"target\":{\"@type\":\"EntryPoint\",\"urlTemplate\":\"https:\/\/aprendiendoenverde.com\/ar\/?s={search_term_string}\"},\"query-input\":\"required name=search_term_string\"}],\"inLanguage\":\"es\"},{\"@type\":\"Organization\",\"@id\":\"https:\/\/aprendiendoenverde.com\/ar\/#organization\",\"name\":\"Aprendiendo en Verde\",\"url\":\"https:\/\/aprendiendoenverde.com\/ar\/\",\"logo\":{\"@type\":\"ImageObject\",\"inLanguage\":\"es\",\"@id\":\"https:\/\/aprendiendoenverde.com\/ar\/#\/schema\/logo\/image\/\",\"url\":\"https:\/\/aprendiendoenverde.com\/ar\/wp-content\/uploads\/2021\/02\/cropped-logo-forma-circular.png\",\"contentUrl\":\"https:\/\/aprendiendoenverde.com\/ar\/wp-content\/uploads\/2021\/02\/cropped-logo-forma-circular.png\",\"width\":512,\"height\":512,\"caption\":\"Aprendiendo en Verde\"},\"image\":{\"@id\":\"https:\/\/aprendiendoenverde.com\/ar\/#\/schema\/logo\/image\/\"}},{\"@type\":\"Person\",\"@id\":\"https:\/\/aprendiendoenverde.com\/ar\/#\/schema\/person\/3ef09bbdd6bff1ac3504fbe0b3513250\",\"name\":\"Aprendiendo en Verde\",\"image\":{\"@type\":\"ImageObject\",\"inLanguage\":\"es\",\"@id\":\"https:\/\/aprendiendoenverde.com\/ar\/#\/schema\/person\/image\/\",\"url\":\"https:\/\/secure.gravatar.com\/avatar\/da0d0f666f4186a34f483cd2eca07e55b1b3407d3bbe882bf63b6ce23d1a2d07?s=96&d=mm&r=g\",\"contentUrl\":\"https:\/\/secure.gravatar.com\/avatar\/da0d0f666f4186a34f483cd2eca07e55b1b3407d3bbe882bf63b6ce23d1a2d07?s=96&d=mm&r=g\",\"caption\":\"Aprendiendo en Verde\"},\"description\":\"Blog Aprendiendo en Verde - Fundaci\u00f3n Espacios Verdes: ONG Ambiental Nacional que desde 1991 promueve la educaci\u00f3n, conservaci\u00f3n y divulgaci\u00f3n para la sustentabilidad.\",\"sameAs\":[\"http:\/\/www.fev.org.ar\",\"https:\/\/www.facebook.com\/share\/19to4fZ2LP\/\",\"https:\/\/www.instagram.com\/educacionfev?igsh=NTJid212c3l6c2J0\",\"https:\/\/www.linkedin.com\/company\/fundacionespaciosverdes\/\",\"https:\/\/youtube.com\/@fevargentina?feature=shared\"],\"url\":\"https:\/\/aprendiendoenverde.com\/ar\/author\/admin\/\"}]}<\/script>\n<!-- \/ Yoast SEO plugin. -->","yoast_head_json":{"title":"D\u00eda Mundial Contra el Uso Indiscriminado de Agroqu\u00edmicos | Aprendiendo en Verde","robots":{"index":"index","follow":"follow","max-snippet":"max-snippet:-1","max-image-preview":"max-image-preview:large","max-video-preview":"max-video-preview:-1"},"canonical":"https:\/\/aprendiendoenverde.com\/ar\/2024\/11\/26\/dia-mundial-contra-el-uso-indiscriminado-de-agroquimicos\/","og_locale":"es_ES","og_type":"article","og_title":"D\u00eda Mundial Contra el Uso Indiscriminado de Agroqu\u00edmicos | Aprendiendo en Verde","og_description":"Por Milena Moyano &#8211; Licenciada en Ciencias Ambientales El 26 de noviembre es el D\u00eda Mundial contra el Uso indiscriminado de Agroqu\u00edmicos. Esta fecha fue establecida por el Pesticida Action Network (PAN) en honor a las personas que fallecieron o sufrieron secuelas tras la fuga de Bhopal en&nbsp; India en 1984. El 3 de diciembre &hellip; Seguir leyendo \u00abD\u00eda Mundial Contra el Uso Indiscriminado de Agroqu\u00edmicos\u00bb","og_url":"https:\/\/aprendiendoenverde.com\/ar\/2024\/11\/26\/dia-mundial-contra-el-uso-indiscriminado-de-agroquimicos\/","og_site_name":"Aprendiendo en Verde","article_author":"https:\/\/www.facebook.com\/share\/19to4fZ2LP\/","article_published_time":"2024-11-26T17:49:24+00:00","article_modified_time":"2025-03-15T03:22:00+00:00","og_image":[{"width":2560,"height":1707,"url":"https:\/\/aprendiendoenverde.com\/ar\/wp-content\/uploads\/2024\/11\/numeralia-vita-zein-3jbcKf2Y6VU-unsplash-scaled.jpg","type":"image\/jpeg"}],"author":"Aprendiendo en Verde","twitter_card":"summary_large_image","twitter_misc":{"Escrito por":"Aprendiendo en Verde","Tiempo de lectura":"4 minutos"},"schema":{"@context":"https:\/\/schema.org","@graph":[{"@type":"Article","@id":"https:\/\/aprendiendoenverde.com\/ar\/2024\/11\/26\/dia-mundial-contra-el-uso-indiscriminado-de-agroquimicos\/#article","isPartOf":{"@id":"https:\/\/aprendiendoenverde.com\/ar\/2024\/11\/26\/dia-mundial-contra-el-uso-indiscriminado-de-agroquimicos\/"},"author":{"name":"Aprendiendo en Verde","@id":"https:\/\/aprendiendoenverde.com\/ar\/#\/schema\/person\/3ef09bbdd6bff1ac3504fbe0b3513250"},"headline":"D\u00eda Mundial Contra el Uso Indiscriminado de Agroqu\u00edmicos","datePublished":"2024-11-26T17:49:24+00:00","dateModified":"2025-03-15T03:22:00+00:00","mainEntityOfPage":{"@id":"https:\/\/aprendiendoenverde.com\/ar\/2024\/11\/26\/dia-mundial-contra-el-uso-indiscriminado-de-agroquimicos\/"},"wordCount":804,"commentCount":0,"publisher":{"@id":"https:\/\/aprendiendoenverde.com\/ar\/#organization"},"inLanguage":"es","potentialAction":[{"@type":"CommentAction","name":"Comment","target":["https:\/\/aprendiendoenverde.com\/ar\/2024\/11\/26\/dia-mundial-contra-el-uso-indiscriminado-de-agroquimicos\/#respond"]}]},{"@type":"WebPage","@id":"https:\/\/aprendiendoenverde.com\/ar\/2024\/11\/26\/dia-mundial-contra-el-uso-indiscriminado-de-agroquimicos\/","url":"https:\/\/aprendiendoenverde.com\/ar\/2024\/11\/26\/dia-mundial-contra-el-uso-indiscriminado-de-agroquimicos\/","name":"D\u00eda Mundial Contra el Uso Indiscriminado de Agroqu\u00edmicos | Aprendiendo en Verde","isPartOf":{"@id":"https:\/\/aprendiendoenverde.com\/ar\/#website"},"datePublished":"2024-11-26T17:49:24+00:00","dateModified":"2025-03-15T03:22:00+00:00","breadcrumb":{"@id":"https:\/\/aprendiendoenverde.com\/ar\/2024\/11\/26\/dia-mundial-contra-el-uso-indiscriminado-de-agroquimicos\/#breadcrumb"},"inLanguage":"es","potentialAction":[{"@type":"ReadAction","target":["https:\/\/aprendiendoenverde.com\/ar\/2024\/11\/26\/dia-mundial-contra-el-uso-indiscriminado-de-agroquimicos\/"]}]},{"@type":"BreadcrumbList","@id":"https:\/\/aprendiendoenverde.com\/ar\/2024\/11\/26\/dia-mundial-contra-el-uso-indiscriminado-de-agroquimicos\/#breadcrumb","itemListElement":[{"@type":"ListItem","position":1,"name":"Home","item":"https:\/\/aprendiendoenverde.com\/ar\/"},{"@type":"ListItem","position":2,"name":"D\u00eda Mundial Contra el Uso Indiscriminado de Agroqu\u00edmicos"}]},{"@type":"WebSite","@id":"https:\/\/aprendiendoenverde.com\/ar\/#website","url":"https:\/\/aprendiendoenverde.com\/ar\/","name":"Aprendiendo en Verde","description":"Educaci\u00f3n y Gesti\u00f3n Ambiental","publisher":{"@id":"https:\/\/aprendiendoenverde.com\/ar\/#organization"},"potentialAction":[{"@type":"SearchAction","target":{"@type":"EntryPoint","urlTemplate":"https:\/\/aprendiendoenverde.com\/ar\/?s={search_term_string}"},"query-input":"required name=search_term_string"}],"inLanguage":"es"},{"@type":"Organization","@id":"https:\/\/aprendiendoenverde.com\/ar\/#organization","name":"Aprendiendo en Verde","url":"https:\/\/aprendiendoenverde.com\/ar\/","logo":{"@type":"ImageObject","inLanguage":"es","@id":"https:\/\/aprendiendoenverde.com\/ar\/#\/schema\/logo\/image\/","url":"https:\/\/aprendiendoenverde.com\/ar\/wp-content\/uploads\/2021\/02\/cropped-logo-forma-circular.png","contentUrl":"https:\/\/aprendiendoenverde.com\/ar\/wp-content\/uploads\/2021\/02\/cropped-logo-forma-circular.png","width":512,"height":512,"caption":"Aprendiendo en Verde"},"image":{"@id":"https:\/\/aprendiendoenverde.com\/ar\/#\/schema\/logo\/image\/"}},{"@type":"Person","@id":"https:\/\/aprendiendoenverde.com\/ar\/#\/schema\/person\/3ef09bbdd6bff1ac3504fbe0b3513250","name":"Aprendiendo en Verde","image":{"@type":"ImageObject","inLanguage":"es","@id":"https:\/\/aprendiendoenverde.com\/ar\/#\/schema\/person\/image\/","url":"https:\/\/secure.gravatar.com\/avatar\/da0d0f666f4186a34f483cd2eca07e55b1b3407d3bbe882bf63b6ce23d1a2d07?s=96&d=mm&r=g","contentUrl":"https:\/\/secure.gravatar.com\/avatar\/da0d0f666f4186a34f483cd2eca07e55b1b3407d3bbe882bf63b6ce23d1a2d07?s=96&d=mm&r=g","caption":"Aprendiendo en Verde"},"description":"Blog Aprendiendo en Verde - Fundaci\u00f3n Espacios Verdes: ONG Ambiental Nacional que desde 1991 promueve la educaci\u00f3n, conservaci\u00f3n y divulgaci\u00f3n para la sustentabilidad.","sameAs":["http:\/\/www.fev.org.ar","https:\/\/www.facebook.com\/share\/19to4fZ2LP\/","https:\/\/www.instagram.com\/educacionfev?igsh=NTJid212c3l6c2J0","https:\/\/www.linkedin.com\/company\/fundacionespaciosverdes\/","https:\/\/youtube.com\/@fevargentina?feature=shared"],"url":"https:\/\/aprendiendoenverde.com\/ar\/author\/admin\/"}]}},"_links":{"self":[{"href":"https:\/\/aprendiendoenverde.com\/ar\/wp-json\/wp\/v2\/posts\/6102","targetHints":{"allow":["GET"]}}],"collection":[{"href":"https:\/\/aprendiendoenverde.com\/ar\/wp-json\/wp\/v2\/posts"}],"about":[{"href":"https:\/\/aprendiendoenverde.com\/ar\/wp-json\/wp\/v2\/types\/post"}],"author":[{"embeddable":true,"href":"https:\/\/aprendiendoenverde.com\/ar\/wp-json\/wp\/v2\/users\/1"}],"replies":[{"embeddable":true,"href":"https:\/\/aprendiendoenverde.com\/ar\/wp-json\/wp\/v2\/comments?post=6102"}],"version-history":[{"count":4,"href":"https:\/\/aprendiendoenverde.com\/ar\/wp-json\/wp\/v2\/posts\/6102\/revisions"}],"predecessor-version":[{"id":6150,"href":"https:\/\/aprendiendoenverde.com\/ar\/wp-json\/wp\/v2\/posts\/6102\/revisions\/6150"}],"wp:featuredmedia":[{"embeddable":true,"href":"https:\/\/aprendiendoenverde.com\/ar\/wp-json\/wp\/v2\/media\/6106"}],"wp:attachment":[{"href":"https:\/\/aprendiendoenverde.com\/ar\/wp-json\/wp\/v2\/media?parent=6102"}],"wp:term":[{"taxonomy":"category","embeddable":true,"href":"https:\/\/aprendiendoenverde.com\/ar\/wp-json\/wp\/v2\/categories?post=6102"},{"taxonomy":"post_tag","embeddable":true,"href":"https:\/\/aprendiendoenverde.com\/ar\/wp-json\/wp\/v2\/tags?post=6102"}],"curies":[{"name":"wp","href":"https:\/\/api.w.org\/{rel}","templated":true}]}}