{"id":5753,"date":"2024-03-22T10:00:00","date_gmt":"2024-03-22T10:00:00","guid":{"rendered":"https:\/\/aprendiendoenverde.com\/ar\/?p=5753"},"modified":"2025-03-15T03:34:33","modified_gmt":"2025-03-15T03:34:33","slug":"dia-mundial-del-agua-2","status":"publish","type":"post","link":"https:\/\/aprendiendoenverde.com\/ar\/2024\/03\/22\/dia-mundial-del-agua-2\/","title":{"rendered":"D\u00eda Mundial del Agua"},"content":{"rendered":"\n<p><strong>Por Nancy Lago &#8211; Consultora ambiental, docente universitaria y asesora en proyectos especiales de la Fundaci\u00f3n Espacios Verdes. Es autora del libro \u201cBasurascopio. Una exploraci\u00f3n al mundo de la basura\u201d.\u00a0 <\/strong><\/p>\n\n\n\n<p>Linkedin: <a href=\"https:\/\/www.linkedin.com\/in\/nancylago\/\">\/nancylago<\/a><\/p>\n\n\n\n<p><strong>Agua potable en Argentina, \u00bfpodremos tener aqu\u00ed un nuevo Montevideo?\u00a0<\/strong><\/p>\n\n\n\n<p>Este a\u00f1o fue motivo de alerta la situaci\u00f3n de Montevideo cuando la provisi\u00f3n de agua potable se vio amenazada, como consecuencia de los efectos de la sequ\u00eda que asol\u00f3 a la regi\u00f3n en los \u00faltimos meses y las falencias cr\u00f3nicas en la infraestructura de abastecimiento. Una circunstancia como esta, en un pa\u00eds tan cercano, nos hace pensar si eventos similares podr\u00edan replicarse en Argentina.&nbsp;<\/p>\n\n\n\n<figure class=\"wp-block-image size-large\"><img loading=\"lazy\" decoding=\"async\" width=\"1024\" height=\"665\" src=\"https:\/\/aprendiendoenverde.com\/ar\/wp-content\/uploads\/2024\/03\/Cano-desague-1024x665.jpg\" alt=\"\" class=\"wp-image-5754\" srcset=\"https:\/\/aprendiendoenverde.com\/ar\/wp-content\/uploads\/2024\/03\/Cano-desague-1024x665.jpg 1024w, https:\/\/aprendiendoenverde.com\/ar\/wp-content\/uploads\/2024\/03\/Cano-desague-300x195.jpg 300w, https:\/\/aprendiendoenverde.com\/ar\/wp-content\/uploads\/2024\/03\/Cano-desague-768x499.jpg 768w, https:\/\/aprendiendoenverde.com\/ar\/wp-content\/uploads\/2024\/03\/Cano-desague.jpg 1063w\" sizes=\"auto, (max-width: 1024px) 100vw, 1024px\" \/><\/figure>\n\n\n\n<p>En t\u00e9rminos generales, Argentina es un pa\u00eds que tiene una buena accesibilidad al agua dulce. Seg\u00fan la FAO, la disponibilidad anual de agua dulce es de casi 6500 metros c\u00fabicos por persona. Sin embargo, cuando analizamos la problem\u00e1tica de forma regional, vemos que casi un tercio de la superficie de nuestro pa\u00eds corresponde a tierras \u00e1ridas o semi\u00e1ridas. A su vez, se proyecta que en la regi\u00f3n centro las sequ\u00edas sean m\u00e1s prolongadas. Y estas sequ\u00edas no s\u00f3lo tienen consecuencias en la producci\u00f3n de alimentos o en el mayor riesgo de incendios forestales, sino que tambi\u00e9n afectan a las fuentes de agua que abastecen a las redes de agua potable. Cada vez son m\u00e1s frecuentes los casos de ciudades en las que se insta a la poblaci\u00f3n a hacer un uso m\u00e1s restringido del agua o que, directamente, se procede a realizar cortes temporales del suministro, como ha sucedido con las ciudades de Carlos Paz (C\u00f3rdoba) o Chamical (La Rioja).&nbsp;<\/p>\n\n\n\n<p>El estado de mantenimiento de las redes de abastecimiento de agua potable tambi\u00e9n es un tema para considerar. Un caso testigo es el del \u00c1rea Metropolitana de Buenos Aires, donde el 43,8% del agua que se potabiliza se pierde en la red de transporte y distribuci\u00f3n, mayoritariamente debido a la presencia de roturas.&nbsp;<\/p>\n\n\n\n<p><strong>No solo es la cantidad, sino tambi\u00e9n la calidad&nbsp;<\/strong><\/p>\n\n\n\n<p>Otro aspecto que se suma a la caracterizaci\u00f3n anterior es la disminuci\u00f3n general de la calidad de este recurso: cuerpos de agua cada vez m\u00e1s contaminados ejercen una mayor presi\u00f3n sobre los sistemas de potabilizaci\u00f3n. Y una de las principales fuentes de contaminaci\u00f3n est\u00e1 constituida por efluentes cloacales.&nbsp;<\/p>\n\n\n\n<p>Seg\u00fan los datos del \u00faltimo censo nacional, el porcentaje de viviendas que cuenta con desag\u00fce del inodoro del ba\u00f1o a red p\u00fablica es de un 62,6%. Las condiciones m\u00e1s desfavorables se presentan en la provincia de Santiago del Estero (con una cobertura del 28,7%) y Misiones (26,6%). Sin embargo, contar con red cloacal no asegura el tratamiento de los efluentes. A nivel nacional, solo se trata aproximadamente un 11% de las aguas residuales, lo que implica que la mayor\u00eda de los efluentes cloacales se arroja en crudo a los diferentes cuerpos de agua.<\/p>\n\n\n\n<p>Un ejemplo de ello es la ciudad de Rosario, cuyos efluentes cloacales son recolectados en un emisario que los inyecta en crudo en el r\u00edo Paran\u00e1, a la espera de que el alto caudal del r\u00edo pueda proceder a la depuraci\u00f3n. Esta capacidad de autodepuraci\u00f3n se ha puesto en duda en los \u00faltimos a\u00f1os, con denuncias por elevados niveles de <em>Escherichia coli<\/em>, bacteria vinculada con la presencia de materia fecal.&nbsp;<\/p>\n\n\n\n<p>En el mismo sentido, otra de las consecuencias que se ha manifestado en los \u00faltimos a\u00f1os cada vez con mayor frecuencia, es el florecimiento de cianobacterias en cuerpos de agua dulce, muchas veces, debido a un aumento en los nutrientes a trav\u00e9s de desechos. Esta situaci\u00f3n afecta la calidad de r\u00edos, lagos y lagunas y llevan a impedir actividades en contacto con el agua, dado que las cianobacterias generan toxinas que pueden atacar piel, mucosas, h\u00edgado y ri\u00f1\u00f3n. El agua de bebida tambi\u00e9n podr\u00eda verse afectada dado que la presencia de niveles elevados de cianobacterias requiere de procesos m\u00e1s complejos en las plantas de potabilizaci\u00f3n.<\/p>\n\n\n\n<p>Volviendo a la pregunta inicial, se podr\u00eda pensar que circunstancias como las de Montevideo se repliquen en varias ciudades de nuestro pa\u00eds en los pr\u00f3ximos a\u00f1os. La implementaci\u00f3n de medidas estructurales y no estructurales deber\u00eda ser una prioridad en las pol\u00edticas de estado. Queda en manos de la ciudadan\u00eda la concientizaci\u00f3n sobre la situaci\u00f3n de disponibilidad y calidad del agua, la demanda a las autoridades en la priorizaci\u00f3n de esta problem\u00e1tica y la participaci\u00f3n activa en la b\u00fasqueda de soluciones colectivas.&nbsp;<\/p>\n\n\n\n<p>Foto 2: Foto de <a href=\"https:\/\/unsplash.com\/es\/@mr_alexandre?utm_source=unsplash&amp;utm_medium=referral&amp;utm_content=creditCopyText\">Alexandre Lecocq<\/a> en <a href=\"https:\/\/unsplash.com\/es\/fotos\/v-8o8vGMg3s?utm_source=unsplash&amp;utm_medium=referral&amp;utm_content=creditCopyText\">Unsplash<\/a><\/p>\n","protected":false},"excerpt":{"rendered":"<p>Por Nancy Lago &#8211; Consultora ambiental, docente universitaria y asesora en proyectos especiales de la Fundaci\u00f3n Espacios Verdes. Es autora del libro \u201cBasurascopio. Una exploraci\u00f3n al mundo de la basura\u201d.\u00a0 Linkedin: \/nancylago Agua potable en Argentina, \u00bfpodremos tener aqu\u00ed un nuevo Montevideo?\u00a0 Este a\u00f1o fue motivo de alerta la situaci\u00f3n de Montevideo cuando la provisi\u00f3n &hellip; <\/p>\n<p class=\"link-more\"><a href=\"https:\/\/aprendiendoenverde.com\/ar\/2024\/03\/22\/dia-mundial-del-agua-2\/\" class=\"more-link\">Seguir leyendo<span class=\"screen-reader-text\"> \u00abD\u00eda Mundial del Agua\u00bb<\/span><\/a><\/p>\n","protected":false},"author":1,"featured_media":5755,"comment_status":"open","ping_status":"open","sticky":false,"template":"","format":"standard","meta":{"footnotes":""},"categories":[1],"tags":[],"class_list":["post-5753","post","type-post","status-publish","format-standard","has-post-thumbnail","hentry","category-sin-categoria","entry"],"yoast_head":"<!-- This site is optimized with the Yoast SEO plugin v20.7 - https:\/\/yoast.com\/wordpress\/plugins\/seo\/ -->\n<title>D\u00eda Mundial del Agua | Aprendiendo en Verde<\/title>\n<meta name=\"robots\" content=\"index, follow, max-snippet:-1, max-image-preview:large, max-video-preview:-1\" \/>\n<link rel=\"canonical\" href=\"https:\/\/aprendiendoenverde.com\/ar\/2024\/03\/22\/dia-mundial-del-agua-2\/\" \/>\n<meta property=\"og:locale\" content=\"es_ES\" \/>\n<meta property=\"og:type\" content=\"article\" \/>\n<meta property=\"og:title\" content=\"D\u00eda Mundial del Agua | Aprendiendo en Verde\" \/>\n<meta property=\"og:description\" content=\"Por Nancy Lago &#8211; Consultora ambiental, docente universitaria y asesora en proyectos especiales de la Fundaci\u00f3n Espacios Verdes. Es autora del libro \u201cBasurascopio. Una exploraci\u00f3n al mundo de la basura\u201d.\u00a0 Linkedin: \/nancylago Agua potable en Argentina, \u00bfpodremos tener aqu\u00ed un nuevo Montevideo?\u00a0 Este a\u00f1o fue motivo de alerta la situaci\u00f3n de Montevideo cuando la provisi\u00f3n &hellip; Seguir leyendo \u00abD\u00eda Mundial del Agua\u00bb\" \/>\n<meta property=\"og:url\" content=\"https:\/\/aprendiendoenverde.com\/ar\/2024\/03\/22\/dia-mundial-del-agua-2\/\" \/>\n<meta property=\"og:site_name\" content=\"Aprendiendo en Verde\" \/>\n<meta property=\"article:author\" content=\"https:\/\/www.facebook.com\/share\/19to4fZ2LP\/\" \/>\n<meta property=\"article:published_time\" content=\"2024-03-22T10:00:00+00:00\" \/>\n<meta property=\"article:modified_time\" content=\"2025-03-15T03:34:33+00:00\" \/>\n<meta property=\"og:image\" content=\"https:\/\/aprendiendoenverde.com\/ar\/wp-content\/uploads\/2024\/03\/rio-parana.jpg\" \/>\n\t<meta property=\"og:image:width\" content=\"1280\" \/>\n\t<meta property=\"og:image:height\" content=\"539\" \/>\n\t<meta property=\"og:image:type\" content=\"image\/jpeg\" \/>\n<meta name=\"author\" content=\"Aprendiendo en Verde\" \/>\n<meta name=\"twitter:card\" content=\"summary_large_image\" \/>\n<meta name=\"twitter:label1\" content=\"Escrito por\" \/>\n\t<meta name=\"twitter:data1\" content=\"Aprendiendo en Verde\" \/>\n\t<meta name=\"twitter:label2\" content=\"Tiempo de lectura\" \/>\n\t<meta name=\"twitter:data2\" content=\"4 minutos\" \/>\n<script type=\"application\/ld+json\" class=\"yoast-schema-graph\">{\"@context\":\"https:\/\/schema.org\",\"@graph\":[{\"@type\":\"Article\",\"@id\":\"https:\/\/aprendiendoenverde.com\/ar\/2024\/03\/22\/dia-mundial-del-agua-2\/#article\",\"isPartOf\":{\"@id\":\"https:\/\/aprendiendoenverde.com\/ar\/2024\/03\/22\/dia-mundial-del-agua-2\/\"},\"author\":{\"name\":\"Aprendiendo en Verde\",\"@id\":\"https:\/\/aprendiendoenverde.com\/ar\/#\/schema\/person\/3ef09bbdd6bff1ac3504fbe0b3513250\"},\"headline\":\"D\u00eda Mundial del Agua\",\"datePublished\":\"2024-03-22T10:00:00+00:00\",\"dateModified\":\"2025-03-15T03:34:33+00:00\",\"mainEntityOfPage\":{\"@id\":\"https:\/\/aprendiendoenverde.com\/ar\/2024\/03\/22\/dia-mundial-del-agua-2\/\"},\"wordCount\":810,\"commentCount\":0,\"publisher\":{\"@id\":\"https:\/\/aprendiendoenverde.com\/ar\/#organization\"},\"inLanguage\":\"es\",\"potentialAction\":[{\"@type\":\"CommentAction\",\"name\":\"Comment\",\"target\":[\"https:\/\/aprendiendoenverde.com\/ar\/2024\/03\/22\/dia-mundial-del-agua-2\/#respond\"]}]},{\"@type\":\"WebPage\",\"@id\":\"https:\/\/aprendiendoenverde.com\/ar\/2024\/03\/22\/dia-mundial-del-agua-2\/\",\"url\":\"https:\/\/aprendiendoenverde.com\/ar\/2024\/03\/22\/dia-mundial-del-agua-2\/\",\"name\":\"D\u00eda Mundial del Agua | Aprendiendo en Verde\",\"isPartOf\":{\"@id\":\"https:\/\/aprendiendoenverde.com\/ar\/#website\"},\"datePublished\":\"2024-03-22T10:00:00+00:00\",\"dateModified\":\"2025-03-15T03:34:33+00:00\",\"breadcrumb\":{\"@id\":\"https:\/\/aprendiendoenverde.com\/ar\/2024\/03\/22\/dia-mundial-del-agua-2\/#breadcrumb\"},\"inLanguage\":\"es\",\"potentialAction\":[{\"@type\":\"ReadAction\",\"target\":[\"https:\/\/aprendiendoenverde.com\/ar\/2024\/03\/22\/dia-mundial-del-agua-2\/\"]}]},{\"@type\":\"BreadcrumbList\",\"@id\":\"https:\/\/aprendiendoenverde.com\/ar\/2024\/03\/22\/dia-mundial-del-agua-2\/#breadcrumb\",\"itemListElement\":[{\"@type\":\"ListItem\",\"position\":1,\"name\":\"Home\",\"item\":\"https:\/\/aprendiendoenverde.com\/ar\/\"},{\"@type\":\"ListItem\",\"position\":2,\"name\":\"D\u00eda Mundial del Agua\"}]},{\"@type\":\"WebSite\",\"@id\":\"https:\/\/aprendiendoenverde.com\/ar\/#website\",\"url\":\"https:\/\/aprendiendoenverde.com\/ar\/\",\"name\":\"Aprendiendo en Verde\",\"description\":\"Educaci\u00f3n y Gesti\u00f3n Ambiental\",\"publisher\":{\"@id\":\"https:\/\/aprendiendoenverde.com\/ar\/#organization\"},\"potentialAction\":[{\"@type\":\"SearchAction\",\"target\":{\"@type\":\"EntryPoint\",\"urlTemplate\":\"https:\/\/aprendiendoenverde.com\/ar\/?s={search_term_string}\"},\"query-input\":\"required name=search_term_string\"}],\"inLanguage\":\"es\"},{\"@type\":\"Organization\",\"@id\":\"https:\/\/aprendiendoenverde.com\/ar\/#organization\",\"name\":\"Aprendiendo en Verde\",\"url\":\"https:\/\/aprendiendoenverde.com\/ar\/\",\"logo\":{\"@type\":\"ImageObject\",\"inLanguage\":\"es\",\"@id\":\"https:\/\/aprendiendoenverde.com\/ar\/#\/schema\/logo\/image\/\",\"url\":\"https:\/\/aprendiendoenverde.com\/ar\/wp-content\/uploads\/2021\/02\/cropped-logo-forma-circular.png\",\"contentUrl\":\"https:\/\/aprendiendoenverde.com\/ar\/wp-content\/uploads\/2021\/02\/cropped-logo-forma-circular.png\",\"width\":512,\"height\":512,\"caption\":\"Aprendiendo en Verde\"},\"image\":{\"@id\":\"https:\/\/aprendiendoenverde.com\/ar\/#\/schema\/logo\/image\/\"}},{\"@type\":\"Person\",\"@id\":\"https:\/\/aprendiendoenverde.com\/ar\/#\/schema\/person\/3ef09bbdd6bff1ac3504fbe0b3513250\",\"name\":\"Aprendiendo en Verde\",\"image\":{\"@type\":\"ImageObject\",\"inLanguage\":\"es\",\"@id\":\"https:\/\/aprendiendoenverde.com\/ar\/#\/schema\/person\/image\/\",\"url\":\"https:\/\/secure.gravatar.com\/avatar\/da0d0f666f4186a34f483cd2eca07e55b1b3407d3bbe882bf63b6ce23d1a2d07?s=96&d=mm&r=g\",\"contentUrl\":\"https:\/\/secure.gravatar.com\/avatar\/da0d0f666f4186a34f483cd2eca07e55b1b3407d3bbe882bf63b6ce23d1a2d07?s=96&d=mm&r=g\",\"caption\":\"Aprendiendo en Verde\"},\"description\":\"Blog Aprendiendo en Verde - Fundaci\u00f3n Espacios Verdes: ONG Ambiental Nacional que desde 1991 promueve la educaci\u00f3n, conservaci\u00f3n y divulgaci\u00f3n para la sustentabilidad.\",\"sameAs\":[\"http:\/\/www.fev.org.ar\",\"https:\/\/www.facebook.com\/share\/19to4fZ2LP\/\",\"https:\/\/www.instagram.com\/educacionfev?igsh=NTJid212c3l6c2J0\",\"https:\/\/www.linkedin.com\/company\/fundacionespaciosverdes\/\",\"https:\/\/youtube.com\/@fevargentina?feature=shared\"],\"url\":\"https:\/\/aprendiendoenverde.com\/ar\/author\/admin\/\"}]}<\/script>\n<!-- \/ Yoast SEO plugin. -->","yoast_head_json":{"title":"D\u00eda Mundial del Agua | Aprendiendo en Verde","robots":{"index":"index","follow":"follow","max-snippet":"max-snippet:-1","max-image-preview":"max-image-preview:large","max-video-preview":"max-video-preview:-1"},"canonical":"https:\/\/aprendiendoenverde.com\/ar\/2024\/03\/22\/dia-mundial-del-agua-2\/","og_locale":"es_ES","og_type":"article","og_title":"D\u00eda Mundial del Agua | Aprendiendo en Verde","og_description":"Por Nancy Lago &#8211; Consultora ambiental, docente universitaria y asesora en proyectos especiales de la Fundaci\u00f3n Espacios Verdes. Es autora del libro \u201cBasurascopio. Una exploraci\u00f3n al mundo de la basura\u201d.\u00a0 Linkedin: \/nancylago Agua potable en Argentina, \u00bfpodremos tener aqu\u00ed un nuevo Montevideo?\u00a0 Este a\u00f1o fue motivo de alerta la situaci\u00f3n de Montevideo cuando la provisi\u00f3n &hellip; Seguir leyendo \u00abD\u00eda Mundial del Agua\u00bb","og_url":"https:\/\/aprendiendoenverde.com\/ar\/2024\/03\/22\/dia-mundial-del-agua-2\/","og_site_name":"Aprendiendo en Verde","article_author":"https:\/\/www.facebook.com\/share\/19to4fZ2LP\/","article_published_time":"2024-03-22T10:00:00+00:00","article_modified_time":"2025-03-15T03:34:33+00:00","og_image":[{"width":1280,"height":539,"url":"https:\/\/aprendiendoenverde.com\/ar\/wp-content\/uploads\/2024\/03\/rio-parana.jpg","type":"image\/jpeg"}],"author":"Aprendiendo en Verde","twitter_card":"summary_large_image","twitter_misc":{"Escrito por":"Aprendiendo en Verde","Tiempo de lectura":"4 minutos"},"schema":{"@context":"https:\/\/schema.org","@graph":[{"@type":"Article","@id":"https:\/\/aprendiendoenverde.com\/ar\/2024\/03\/22\/dia-mundial-del-agua-2\/#article","isPartOf":{"@id":"https:\/\/aprendiendoenverde.com\/ar\/2024\/03\/22\/dia-mundial-del-agua-2\/"},"author":{"name":"Aprendiendo en Verde","@id":"https:\/\/aprendiendoenverde.com\/ar\/#\/schema\/person\/3ef09bbdd6bff1ac3504fbe0b3513250"},"headline":"D\u00eda Mundial del Agua","datePublished":"2024-03-22T10:00:00+00:00","dateModified":"2025-03-15T03:34:33+00:00","mainEntityOfPage":{"@id":"https:\/\/aprendiendoenverde.com\/ar\/2024\/03\/22\/dia-mundial-del-agua-2\/"},"wordCount":810,"commentCount":0,"publisher":{"@id":"https:\/\/aprendiendoenverde.com\/ar\/#organization"},"inLanguage":"es","potentialAction":[{"@type":"CommentAction","name":"Comment","target":["https:\/\/aprendiendoenverde.com\/ar\/2024\/03\/22\/dia-mundial-del-agua-2\/#respond"]}]},{"@type":"WebPage","@id":"https:\/\/aprendiendoenverde.com\/ar\/2024\/03\/22\/dia-mundial-del-agua-2\/","url":"https:\/\/aprendiendoenverde.com\/ar\/2024\/03\/22\/dia-mundial-del-agua-2\/","name":"D\u00eda Mundial del Agua | Aprendiendo en Verde","isPartOf":{"@id":"https:\/\/aprendiendoenverde.com\/ar\/#website"},"datePublished":"2024-03-22T10:00:00+00:00","dateModified":"2025-03-15T03:34:33+00:00","breadcrumb":{"@id":"https:\/\/aprendiendoenverde.com\/ar\/2024\/03\/22\/dia-mundial-del-agua-2\/#breadcrumb"},"inLanguage":"es","potentialAction":[{"@type":"ReadAction","target":["https:\/\/aprendiendoenverde.com\/ar\/2024\/03\/22\/dia-mundial-del-agua-2\/"]}]},{"@type":"BreadcrumbList","@id":"https:\/\/aprendiendoenverde.com\/ar\/2024\/03\/22\/dia-mundial-del-agua-2\/#breadcrumb","itemListElement":[{"@type":"ListItem","position":1,"name":"Home","item":"https:\/\/aprendiendoenverde.com\/ar\/"},{"@type":"ListItem","position":2,"name":"D\u00eda Mundial del Agua"}]},{"@type":"WebSite","@id":"https:\/\/aprendiendoenverde.com\/ar\/#website","url":"https:\/\/aprendiendoenverde.com\/ar\/","name":"Aprendiendo en Verde","description":"Educaci\u00f3n y Gesti\u00f3n Ambiental","publisher":{"@id":"https:\/\/aprendiendoenverde.com\/ar\/#organization"},"potentialAction":[{"@type":"SearchAction","target":{"@type":"EntryPoint","urlTemplate":"https:\/\/aprendiendoenverde.com\/ar\/?s={search_term_string}"},"query-input":"required name=search_term_string"}],"inLanguage":"es"},{"@type":"Organization","@id":"https:\/\/aprendiendoenverde.com\/ar\/#organization","name":"Aprendiendo en Verde","url":"https:\/\/aprendiendoenverde.com\/ar\/","logo":{"@type":"ImageObject","inLanguage":"es","@id":"https:\/\/aprendiendoenverde.com\/ar\/#\/schema\/logo\/image\/","url":"https:\/\/aprendiendoenverde.com\/ar\/wp-content\/uploads\/2021\/02\/cropped-logo-forma-circular.png","contentUrl":"https:\/\/aprendiendoenverde.com\/ar\/wp-content\/uploads\/2021\/02\/cropped-logo-forma-circular.png","width":512,"height":512,"caption":"Aprendiendo en Verde"},"image":{"@id":"https:\/\/aprendiendoenverde.com\/ar\/#\/schema\/logo\/image\/"}},{"@type":"Person","@id":"https:\/\/aprendiendoenverde.com\/ar\/#\/schema\/person\/3ef09bbdd6bff1ac3504fbe0b3513250","name":"Aprendiendo en Verde","image":{"@type":"ImageObject","inLanguage":"es","@id":"https:\/\/aprendiendoenverde.com\/ar\/#\/schema\/person\/image\/","url":"https:\/\/secure.gravatar.com\/avatar\/da0d0f666f4186a34f483cd2eca07e55b1b3407d3bbe882bf63b6ce23d1a2d07?s=96&d=mm&r=g","contentUrl":"https:\/\/secure.gravatar.com\/avatar\/da0d0f666f4186a34f483cd2eca07e55b1b3407d3bbe882bf63b6ce23d1a2d07?s=96&d=mm&r=g","caption":"Aprendiendo en Verde"},"description":"Blog Aprendiendo en Verde - Fundaci\u00f3n Espacios Verdes: ONG Ambiental Nacional que desde 1991 promueve la educaci\u00f3n, conservaci\u00f3n y divulgaci\u00f3n para la sustentabilidad.","sameAs":["http:\/\/www.fev.org.ar","https:\/\/www.facebook.com\/share\/19to4fZ2LP\/","https:\/\/www.instagram.com\/educacionfev?igsh=NTJid212c3l6c2J0","https:\/\/www.linkedin.com\/company\/fundacionespaciosverdes\/","https:\/\/youtube.com\/@fevargentina?feature=shared"],"url":"https:\/\/aprendiendoenverde.com\/ar\/author\/admin\/"}]}},"_links":{"self":[{"href":"https:\/\/aprendiendoenverde.com\/ar\/wp-json\/wp\/v2\/posts\/5753","targetHints":{"allow":["GET"]}}],"collection":[{"href":"https:\/\/aprendiendoenverde.com\/ar\/wp-json\/wp\/v2\/posts"}],"about":[{"href":"https:\/\/aprendiendoenverde.com\/ar\/wp-json\/wp\/v2\/types\/post"}],"author":[{"embeddable":true,"href":"https:\/\/aprendiendoenverde.com\/ar\/wp-json\/wp\/v2\/users\/1"}],"replies":[{"embeddable":true,"href":"https:\/\/aprendiendoenverde.com\/ar\/wp-json\/wp\/v2\/comments?post=5753"}],"version-history":[{"count":3,"href":"https:\/\/aprendiendoenverde.com\/ar\/wp-json\/wp\/v2\/posts\/5753\/revisions"}],"predecessor-version":[{"id":6166,"href":"https:\/\/aprendiendoenverde.com\/ar\/wp-json\/wp\/v2\/posts\/5753\/revisions\/6166"}],"wp:featuredmedia":[{"embeddable":true,"href":"https:\/\/aprendiendoenverde.com\/ar\/wp-json\/wp\/v2\/media\/5755"}],"wp:attachment":[{"href":"https:\/\/aprendiendoenverde.com\/ar\/wp-json\/wp\/v2\/media?parent=5753"}],"wp:term":[{"taxonomy":"category","embeddable":true,"href":"https:\/\/aprendiendoenverde.com\/ar\/wp-json\/wp\/v2\/categories?post=5753"},{"taxonomy":"post_tag","embeddable":true,"href":"https:\/\/aprendiendoenverde.com\/ar\/wp-json\/wp\/v2\/tags?post=5753"}],"curies":[{"name":"wp","href":"https:\/\/api.w.org\/{rel}","templated":true}]}}