{"id":5218,"date":"2022-08-29T17:52:38","date_gmt":"2022-08-29T17:52:38","guid":{"rendered":"https:\/\/aprendiendoenverde.com\/ar\/?p=5218"},"modified":"2022-08-29T17:52:39","modified_gmt":"2022-08-29T17:52:39","slug":"dia-nacional-del-arbol","status":"publish","type":"post","link":"https:\/\/aprendiendoenverde.com\/ar\/2022\/08\/29\/dia-nacional-del-arbol\/","title":{"rendered":"D\u00eda Nacional del \u00c1rbol"},"content":{"rendered":"\n<p>Cada 29 de Agosto, desde 1901, nuestro pa\u00eds celebra el <strong>D\u00eda Nacional del \u00c1rbol<\/strong>. La iniciativa fue de <strong>Estanislao Zeballos <\/strong>y establecida por el Consejo Nacional de Educaci\u00f3n con la intenci\u00f3n de enfatizar en la importancia de este recurso natural.<\/p>\n\n\n\n<p>Anteriormente, <strong>Domingo Faustino Sarmiento<\/strong>, ex presidente de la Naci\u00f3n desde 1868 hasta 1874, tambi\u00e9n fue impulsor de la actividad forestal.<\/p>\n\n\n\n<p>Los arboles desempe\u00f1an un rol vital en la conservaci\u00f3n de la <strong>biodiversidad<\/strong>. Oxigenan el aire, protegen los suelos, absorben el di\u00f3xido de carbono, principal causante del calentamiento global, contribuyen en el equilibrio clim\u00e1tico del planeta, proporcionan sombra y son fuente de alimento y hogar para muchas especies animales.<\/p>\n\n\n\n<p>Por su parte, los <strong>\u00e1rboles nativos<\/strong>, aquellos que son propios de una regi\u00f3n determinada, tambi\u00e9n poseen un valor determinante en la naturaleza. Al estar mejor adaptados al suelo y a las condiciones locales, pueden autorregularse y no propiciar, por ejemplo, la existencia de plagas o enfermedades. Adem\u00e1s, generan una interacci\u00f3n particular con la flora y la fauna que los rodean. Lo maravilloso de este tipo de \u00e1rboles es que han nacido de manera espont\u00e1nea en un suelo determinado, sin necesidad de intervenci\u00f3n humana.<\/p>\n\n\n\n<p>En nuestro pa\u00eds encontramos diversas especies nativas, entre ellas<em>:\u00d1ire, Coronillo, Omb\u00fa, Algarrobo, Array\u00e1n, Ceibo, Jacarand\u00e1, Alerce.<\/em><\/p>\n\n\n\n<p>Asimismo, contamos en Argentina con una <strong>Ley de Bosques<\/strong>, reglamentada por el Poder Ejecutivo en febrero de 2009.&nbsp; Por medio de la <em>Ley 26.331<\/em> se establece que cada territorio provincial deber\u00e1 ordenar sus bosques nativos a trav\u00e9s de un proceso participativo que categoriza los usos posibles de estas tierras. Es decir, se establece el grado de conservaci\u00f3n&nbsp; que cada sector necesita, el uso sustentable que puede hacerse para la transformaci\u00f3n parcial o total y cu\u00e1les son los l\u00edmites.<\/p>\n\n\n\n<p>En este D\u00eda Nacional del \u00c1rbol reivindicamos la necesidad de concientizar sobre la importancia del cuidado, la protecci\u00f3n y la reforestaci\u00f3n, en un contexto marcado por incendios forestales y el avance de la tala indiscriminada.<\/p>\n\n\n\n<p>Resguardar a los \u00e1rboles es tambi\u00e9n cuidar las m\u00faltiples manifestaciones de vida en la Tierra.Por lo tanto, debemos actuar para prevenir, frenar y revertir la destrucci\u00f3n de los ecosistemas.<\/p>\n\n\n\n<p><\/p>\n\n\n\n<p><\/p>\n\n\n\n<p><\/p>\n\n\n\n<p class=\"has-text-align-center\"><em>Proteja Dios el \u00e1rbol<\/em><\/p>\n\n\n\n<p class=\"has-text-align-center\"><em>que planta nuestra mano;<\/em><\/p>\n\n\n\n<p class=\"has-text-align-center\"><em>los p\u00e1jaros aniden<\/em><\/p>\n\n\n\n<p class=\"has-text-align-center\"><em>en su ramaje anciano;<\/em><\/p>\n\n\n\n<p class=\"has-text-align-center\"><em>y canten y celebren<\/em><\/p>\n\n\n\n<p class=\"has-text-align-center\"><em>la tierra bendecida<\/em><\/p>\n\n\n\n<p class=\"has-text-align-center\"><em>que les infunde vida<\/em><\/p>\n\n\n\n<p class=\"has-text-align-center\"><em>que les prodiga amor.<\/em><\/p>\n\n\n\n<p><\/p>\n\n\n\n<p><\/p>\n\n\n\n<p>HIMNO DEL \u00c1RBOL, Juan Zorrilla de San Mart\u00edn.<\/p>\n\n\n\n<p><\/p>\n\n\n\n<p><\/p>\n\n\n\n<p>Micaela Bel\u00e9n Mercado &#8211; Estudiante de Periodismo<\/p>\n","protected":false},"excerpt":{"rendered":"<p>Cada 29 de Agosto, desde 1901, nuestro pa\u00eds celebra el D\u00eda Nacional del \u00c1rbol. La iniciativa fue de Estanislao Zeballos y establecida por el Consejo Nacional de Educaci\u00f3n con la intenci\u00f3n de enfatizar en la importancia de este recurso natural. Anteriormente, Domingo Faustino Sarmiento, ex presidente de la Naci\u00f3n desde 1868 hasta 1874, tambi\u00e9n fue &hellip; <\/p>\n<p class=\"link-more\"><a href=\"https:\/\/aprendiendoenverde.com\/ar\/2022\/08\/29\/dia-nacional-del-arbol\/\" class=\"more-link\">Seguir leyendo<span class=\"screen-reader-text\"> \u00abD\u00eda Nacional del \u00c1rbol\u00bb<\/span><\/a><\/p>\n","protected":false},"author":1,"featured_media":5221,"comment_status":"open","ping_status":"open","sticky":false,"template":"","format":"standard","meta":{"footnotes":""},"categories":[1],"tags":[],"class_list":["post-5218","post","type-post","status-publish","format-standard","has-post-thumbnail","hentry","category-sin-categoria","entry"],"yoast_head":"<!-- This site is optimized with the Yoast SEO plugin v20.7 - https:\/\/yoast.com\/wordpress\/plugins\/seo\/ -->\n<title>D\u00eda Nacional del \u00c1rbol | Aprendiendo en Verde<\/title>\n<meta name=\"robots\" content=\"index, follow, max-snippet:-1, max-image-preview:large, max-video-preview:-1\" \/>\n<link rel=\"canonical\" href=\"https:\/\/aprendiendoenverde.com\/ar\/2022\/08\/29\/dia-nacional-del-arbol\/\" \/>\n<meta property=\"og:locale\" content=\"es_ES\" \/>\n<meta property=\"og:type\" content=\"article\" \/>\n<meta property=\"og:title\" content=\"D\u00eda Nacional del \u00c1rbol | Aprendiendo en Verde\" \/>\n<meta property=\"og:description\" content=\"Cada 29 de Agosto, desde 1901, nuestro pa\u00eds celebra el D\u00eda Nacional del \u00c1rbol. La iniciativa fue de Estanislao Zeballos y establecida por el Consejo Nacional de Educaci\u00f3n con la intenci\u00f3n de enfatizar en la importancia de este recurso natural. Anteriormente, Domingo Faustino Sarmiento, ex presidente de la Naci\u00f3n desde 1868 hasta 1874, tambi\u00e9n fue &hellip; Seguir leyendo \u00abD\u00eda Nacional del \u00c1rbol\u00bb\" \/>\n<meta property=\"og:url\" content=\"https:\/\/aprendiendoenverde.com\/ar\/2022\/08\/29\/dia-nacional-del-arbol\/\" \/>\n<meta property=\"og:site_name\" content=\"Aprendiendo en Verde\" \/>\n<meta property=\"article:author\" content=\"https:\/\/www.facebook.com\/share\/19to4fZ2LP\/\" \/>\n<meta property=\"article:published_time\" content=\"2022-08-29T17:52:38+00:00\" \/>\n<meta property=\"article:modified_time\" content=\"2022-08-29T17:52:39+00:00\" \/>\n<meta property=\"og:image\" content=\"https:\/\/aprendiendoenverde.com\/ar\/wp-content\/uploads\/2022\/08\/pexels-photo-1083342.jpeg\" \/>\n\t<meta property=\"og:image:width\" content=\"1125\" \/>\n\t<meta property=\"og:image:height\" content=\"750\" \/>\n\t<meta property=\"og:image:type\" content=\"image\/jpeg\" \/>\n<meta name=\"author\" content=\"Aprendiendo en Verde\" \/>\n<meta name=\"twitter:card\" content=\"summary_large_image\" \/>\n<meta name=\"twitter:label1\" content=\"Escrito por\" \/>\n\t<meta name=\"twitter:data1\" content=\"Aprendiendo en Verde\" \/>\n\t<meta name=\"twitter:label2\" content=\"Tiempo de lectura\" \/>\n\t<meta name=\"twitter:data2\" content=\"2 minutos\" \/>\n<script type=\"application\/ld+json\" class=\"yoast-schema-graph\">{\"@context\":\"https:\/\/schema.org\",\"@graph\":[{\"@type\":\"Article\",\"@id\":\"https:\/\/aprendiendoenverde.com\/ar\/2022\/08\/29\/dia-nacional-del-arbol\/#article\",\"isPartOf\":{\"@id\":\"https:\/\/aprendiendoenverde.com\/ar\/2022\/08\/29\/dia-nacional-del-arbol\/\"},\"author\":{\"name\":\"Aprendiendo en Verde\",\"@id\":\"https:\/\/aprendiendoenverde.com\/ar\/#\/schema\/person\/3ef09bbdd6bff1ac3504fbe0b3513250\"},\"headline\":\"D\u00eda Nacional del \u00c1rbol\",\"datePublished\":\"2022-08-29T17:52:38+00:00\",\"dateModified\":\"2022-08-29T17:52:39+00:00\",\"mainEntityOfPage\":{\"@id\":\"https:\/\/aprendiendoenverde.com\/ar\/2022\/08\/29\/dia-nacional-del-arbol\/\"},\"wordCount\":429,\"commentCount\":0,\"publisher\":{\"@id\":\"https:\/\/aprendiendoenverde.com\/ar\/#organization\"},\"inLanguage\":\"es\",\"potentialAction\":[{\"@type\":\"CommentAction\",\"name\":\"Comment\",\"target\":[\"https:\/\/aprendiendoenverde.com\/ar\/2022\/08\/29\/dia-nacional-del-arbol\/#respond\"]}]},{\"@type\":\"WebPage\",\"@id\":\"https:\/\/aprendiendoenverde.com\/ar\/2022\/08\/29\/dia-nacional-del-arbol\/\",\"url\":\"https:\/\/aprendiendoenverde.com\/ar\/2022\/08\/29\/dia-nacional-del-arbol\/\",\"name\":\"D\u00eda Nacional del \u00c1rbol | Aprendiendo en Verde\",\"isPartOf\":{\"@id\":\"https:\/\/aprendiendoenverde.com\/ar\/#website\"},\"datePublished\":\"2022-08-29T17:52:38+00:00\",\"dateModified\":\"2022-08-29T17:52:39+00:00\",\"breadcrumb\":{\"@id\":\"https:\/\/aprendiendoenverde.com\/ar\/2022\/08\/29\/dia-nacional-del-arbol\/#breadcrumb\"},\"inLanguage\":\"es\",\"potentialAction\":[{\"@type\":\"ReadAction\",\"target\":[\"https:\/\/aprendiendoenverde.com\/ar\/2022\/08\/29\/dia-nacional-del-arbol\/\"]}]},{\"@type\":\"BreadcrumbList\",\"@id\":\"https:\/\/aprendiendoenverde.com\/ar\/2022\/08\/29\/dia-nacional-del-arbol\/#breadcrumb\",\"itemListElement\":[{\"@type\":\"ListItem\",\"position\":1,\"name\":\"Home\",\"item\":\"https:\/\/aprendiendoenverde.com\/ar\/\"},{\"@type\":\"ListItem\",\"position\":2,\"name\":\"D\u00eda Nacional del \u00c1rbol\"}]},{\"@type\":\"WebSite\",\"@id\":\"https:\/\/aprendiendoenverde.com\/ar\/#website\",\"url\":\"https:\/\/aprendiendoenverde.com\/ar\/\",\"name\":\"Aprendiendo en Verde\",\"description\":\"Educaci\u00f3n y Gesti\u00f3n Ambiental\",\"publisher\":{\"@id\":\"https:\/\/aprendiendoenverde.com\/ar\/#organization\"},\"potentialAction\":[{\"@type\":\"SearchAction\",\"target\":{\"@type\":\"EntryPoint\",\"urlTemplate\":\"https:\/\/aprendiendoenverde.com\/ar\/?s={search_term_string}\"},\"query-input\":\"required name=search_term_string\"}],\"inLanguage\":\"es\"},{\"@type\":\"Organization\",\"@id\":\"https:\/\/aprendiendoenverde.com\/ar\/#organization\",\"name\":\"Aprendiendo en Verde\",\"url\":\"https:\/\/aprendiendoenverde.com\/ar\/\",\"logo\":{\"@type\":\"ImageObject\",\"inLanguage\":\"es\",\"@id\":\"https:\/\/aprendiendoenverde.com\/ar\/#\/schema\/logo\/image\/\",\"url\":\"https:\/\/aprendiendoenverde.com\/ar\/wp-content\/uploads\/2021\/02\/cropped-logo-forma-circular.png\",\"contentUrl\":\"https:\/\/aprendiendoenverde.com\/ar\/wp-content\/uploads\/2021\/02\/cropped-logo-forma-circular.png\",\"width\":512,\"height\":512,\"caption\":\"Aprendiendo en Verde\"},\"image\":{\"@id\":\"https:\/\/aprendiendoenverde.com\/ar\/#\/schema\/logo\/image\/\"}},{\"@type\":\"Person\",\"@id\":\"https:\/\/aprendiendoenverde.com\/ar\/#\/schema\/person\/3ef09bbdd6bff1ac3504fbe0b3513250\",\"name\":\"Aprendiendo en Verde\",\"image\":{\"@type\":\"ImageObject\",\"inLanguage\":\"es\",\"@id\":\"https:\/\/aprendiendoenverde.com\/ar\/#\/schema\/person\/image\/\",\"url\":\"https:\/\/secure.gravatar.com\/avatar\/da0d0f666f4186a34f483cd2eca07e55b1b3407d3bbe882bf63b6ce23d1a2d07?s=96&d=mm&r=g\",\"contentUrl\":\"https:\/\/secure.gravatar.com\/avatar\/da0d0f666f4186a34f483cd2eca07e55b1b3407d3bbe882bf63b6ce23d1a2d07?s=96&d=mm&r=g\",\"caption\":\"Aprendiendo en Verde\"},\"description\":\"Blog Aprendiendo en Verde - Fundaci\u00f3n Espacios Verdes: ONG Ambiental Nacional que desde 1991 promueve la educaci\u00f3n, conservaci\u00f3n y divulgaci\u00f3n para la sustentabilidad.\",\"sameAs\":[\"http:\/\/www.fev.org.ar\",\"https:\/\/www.facebook.com\/share\/19to4fZ2LP\/\",\"https:\/\/www.instagram.com\/educacionfev?igsh=NTJid212c3l6c2J0\",\"https:\/\/www.linkedin.com\/company\/fundacionespaciosverdes\/\",\"https:\/\/youtube.com\/@fevargentina?feature=shared\"],\"url\":\"https:\/\/aprendiendoenverde.com\/ar\/author\/admin\/\"}]}<\/script>\n<!-- \/ Yoast SEO plugin. -->","yoast_head_json":{"title":"D\u00eda Nacional del \u00c1rbol | Aprendiendo en Verde","robots":{"index":"index","follow":"follow","max-snippet":"max-snippet:-1","max-image-preview":"max-image-preview:large","max-video-preview":"max-video-preview:-1"},"canonical":"https:\/\/aprendiendoenverde.com\/ar\/2022\/08\/29\/dia-nacional-del-arbol\/","og_locale":"es_ES","og_type":"article","og_title":"D\u00eda Nacional del \u00c1rbol | Aprendiendo en Verde","og_description":"Cada 29 de Agosto, desde 1901, nuestro pa\u00eds celebra el D\u00eda Nacional del \u00c1rbol. La iniciativa fue de Estanislao Zeballos y establecida por el Consejo Nacional de Educaci\u00f3n con la intenci\u00f3n de enfatizar en la importancia de este recurso natural. Anteriormente, Domingo Faustino Sarmiento, ex presidente de la Naci\u00f3n desde 1868 hasta 1874, tambi\u00e9n fue &hellip; Seguir leyendo \u00abD\u00eda Nacional del \u00c1rbol\u00bb","og_url":"https:\/\/aprendiendoenverde.com\/ar\/2022\/08\/29\/dia-nacional-del-arbol\/","og_site_name":"Aprendiendo en Verde","article_author":"https:\/\/www.facebook.com\/share\/19to4fZ2LP\/","article_published_time":"2022-08-29T17:52:38+00:00","article_modified_time":"2022-08-29T17:52:39+00:00","og_image":[{"width":1125,"height":750,"url":"https:\/\/aprendiendoenverde.com\/ar\/wp-content\/uploads\/2022\/08\/pexels-photo-1083342.jpeg","type":"image\/jpeg"}],"author":"Aprendiendo en Verde","twitter_card":"summary_large_image","twitter_misc":{"Escrito por":"Aprendiendo en Verde","Tiempo de lectura":"2 minutos"},"schema":{"@context":"https:\/\/schema.org","@graph":[{"@type":"Article","@id":"https:\/\/aprendiendoenverde.com\/ar\/2022\/08\/29\/dia-nacional-del-arbol\/#article","isPartOf":{"@id":"https:\/\/aprendiendoenverde.com\/ar\/2022\/08\/29\/dia-nacional-del-arbol\/"},"author":{"name":"Aprendiendo en Verde","@id":"https:\/\/aprendiendoenverde.com\/ar\/#\/schema\/person\/3ef09bbdd6bff1ac3504fbe0b3513250"},"headline":"D\u00eda Nacional del \u00c1rbol","datePublished":"2022-08-29T17:52:38+00:00","dateModified":"2022-08-29T17:52:39+00:00","mainEntityOfPage":{"@id":"https:\/\/aprendiendoenverde.com\/ar\/2022\/08\/29\/dia-nacional-del-arbol\/"},"wordCount":429,"commentCount":0,"publisher":{"@id":"https:\/\/aprendiendoenverde.com\/ar\/#organization"},"inLanguage":"es","potentialAction":[{"@type":"CommentAction","name":"Comment","target":["https:\/\/aprendiendoenverde.com\/ar\/2022\/08\/29\/dia-nacional-del-arbol\/#respond"]}]},{"@type":"WebPage","@id":"https:\/\/aprendiendoenverde.com\/ar\/2022\/08\/29\/dia-nacional-del-arbol\/","url":"https:\/\/aprendiendoenverde.com\/ar\/2022\/08\/29\/dia-nacional-del-arbol\/","name":"D\u00eda Nacional del \u00c1rbol | Aprendiendo en Verde","isPartOf":{"@id":"https:\/\/aprendiendoenverde.com\/ar\/#website"},"datePublished":"2022-08-29T17:52:38+00:00","dateModified":"2022-08-29T17:52:39+00:00","breadcrumb":{"@id":"https:\/\/aprendiendoenverde.com\/ar\/2022\/08\/29\/dia-nacional-del-arbol\/#breadcrumb"},"inLanguage":"es","potentialAction":[{"@type":"ReadAction","target":["https:\/\/aprendiendoenverde.com\/ar\/2022\/08\/29\/dia-nacional-del-arbol\/"]}]},{"@type":"BreadcrumbList","@id":"https:\/\/aprendiendoenverde.com\/ar\/2022\/08\/29\/dia-nacional-del-arbol\/#breadcrumb","itemListElement":[{"@type":"ListItem","position":1,"name":"Home","item":"https:\/\/aprendiendoenverde.com\/ar\/"},{"@type":"ListItem","position":2,"name":"D\u00eda Nacional del \u00c1rbol"}]},{"@type":"WebSite","@id":"https:\/\/aprendiendoenverde.com\/ar\/#website","url":"https:\/\/aprendiendoenverde.com\/ar\/","name":"Aprendiendo en Verde","description":"Educaci\u00f3n y Gesti\u00f3n Ambiental","publisher":{"@id":"https:\/\/aprendiendoenverde.com\/ar\/#organization"},"potentialAction":[{"@type":"SearchAction","target":{"@type":"EntryPoint","urlTemplate":"https:\/\/aprendiendoenverde.com\/ar\/?s={search_term_string}"},"query-input":"required name=search_term_string"}],"inLanguage":"es"},{"@type":"Organization","@id":"https:\/\/aprendiendoenverde.com\/ar\/#organization","name":"Aprendiendo en Verde","url":"https:\/\/aprendiendoenverde.com\/ar\/","logo":{"@type":"ImageObject","inLanguage":"es","@id":"https:\/\/aprendiendoenverde.com\/ar\/#\/schema\/logo\/image\/","url":"https:\/\/aprendiendoenverde.com\/ar\/wp-content\/uploads\/2021\/02\/cropped-logo-forma-circular.png","contentUrl":"https:\/\/aprendiendoenverde.com\/ar\/wp-content\/uploads\/2021\/02\/cropped-logo-forma-circular.png","width":512,"height":512,"caption":"Aprendiendo en Verde"},"image":{"@id":"https:\/\/aprendiendoenverde.com\/ar\/#\/schema\/logo\/image\/"}},{"@type":"Person","@id":"https:\/\/aprendiendoenverde.com\/ar\/#\/schema\/person\/3ef09bbdd6bff1ac3504fbe0b3513250","name":"Aprendiendo en Verde","image":{"@type":"ImageObject","inLanguage":"es","@id":"https:\/\/aprendiendoenverde.com\/ar\/#\/schema\/person\/image\/","url":"https:\/\/secure.gravatar.com\/avatar\/da0d0f666f4186a34f483cd2eca07e55b1b3407d3bbe882bf63b6ce23d1a2d07?s=96&d=mm&r=g","contentUrl":"https:\/\/secure.gravatar.com\/avatar\/da0d0f666f4186a34f483cd2eca07e55b1b3407d3bbe882bf63b6ce23d1a2d07?s=96&d=mm&r=g","caption":"Aprendiendo en Verde"},"description":"Blog Aprendiendo en Verde - Fundaci\u00f3n Espacios Verdes: ONG Ambiental Nacional que desde 1991 promueve la educaci\u00f3n, conservaci\u00f3n y divulgaci\u00f3n para la sustentabilidad.","sameAs":["http:\/\/www.fev.org.ar","https:\/\/www.facebook.com\/share\/19to4fZ2LP\/","https:\/\/www.instagram.com\/educacionfev?igsh=NTJid212c3l6c2J0","https:\/\/www.linkedin.com\/company\/fundacionespaciosverdes\/","https:\/\/youtube.com\/@fevargentina?feature=shared"],"url":"https:\/\/aprendiendoenverde.com\/ar\/author\/admin\/"}]}},"_links":{"self":[{"href":"https:\/\/aprendiendoenverde.com\/ar\/wp-json\/wp\/v2\/posts\/5218","targetHints":{"allow":["GET"]}}],"collection":[{"href":"https:\/\/aprendiendoenverde.com\/ar\/wp-json\/wp\/v2\/posts"}],"about":[{"href":"https:\/\/aprendiendoenverde.com\/ar\/wp-json\/wp\/v2\/types\/post"}],"author":[{"embeddable":true,"href":"https:\/\/aprendiendoenverde.com\/ar\/wp-json\/wp\/v2\/users\/1"}],"replies":[{"embeddable":true,"href":"https:\/\/aprendiendoenverde.com\/ar\/wp-json\/wp\/v2\/comments?post=5218"}],"version-history":[{"count":2,"href":"https:\/\/aprendiendoenverde.com\/ar\/wp-json\/wp\/v2\/posts\/5218\/revisions"}],"predecessor-version":[{"id":5220,"href":"https:\/\/aprendiendoenverde.com\/ar\/wp-json\/wp\/v2\/posts\/5218\/revisions\/5220"}],"wp:featuredmedia":[{"embeddable":true,"href":"https:\/\/aprendiendoenverde.com\/ar\/wp-json\/wp\/v2\/media\/5221"}],"wp:attachment":[{"href":"https:\/\/aprendiendoenverde.com\/ar\/wp-json\/wp\/v2\/media?parent=5218"}],"wp:term":[{"taxonomy":"category","embeddable":true,"href":"https:\/\/aprendiendoenverde.com\/ar\/wp-json\/wp\/v2\/categories?post=5218"},{"taxonomy":"post_tag","embeddable":true,"href":"https:\/\/aprendiendoenverde.com\/ar\/wp-json\/wp\/v2\/tags?post=5218"}],"curies":[{"name":"wp","href":"https:\/\/api.w.org\/{rel}","templated":true}]}}