{"id":4556,"date":"2021-09-27T05:00:00","date_gmt":"2021-09-27T05:00:00","guid":{"rendered":"https:\/\/aprendiendoenverde.com\/ar\/?p=4556"},"modified":"2021-09-26T22:59:36","modified_gmt":"2021-09-26T22:59:36","slug":"27-de-septiembre-dia-de-la-conciencia-ambiental","status":"publish","type":"post","link":"https:\/\/aprendiendoenverde.com\/ar\/2021\/09\/27\/27-de-septiembre-dia-de-la-conciencia-ambiental\/","title":{"rendered":"27 de septiembre. D\u00eda de la Conciencia Ambiental"},"content":{"rendered":"\n<figure class=\"wp-block-gallery aligncenter columns-1 is-cropped wp-block-gallery-1 is-layout-flex wp-block-gallery-is-layout-flex\"><ul class=\"blocks-gallery-grid\"><li class=\"blocks-gallery-item\"><figure><img loading=\"lazy\" decoding=\"async\" width=\"1024\" height=\"683\" src=\"https:\/\/aprendiendoenverde.com\/ar\/wp-content\/uploads\/2021\/09\/Conciencia-ambiental-1024x683.jpg\" alt=\"\" data-id=\"4557\" data-full-url=\"https:\/\/aprendiendoenverde.com\/ar\/wp-content\/uploads\/2021\/09\/Conciencia-ambiental.jpg\" data-link=\"https:\/\/aprendiendoenverde.com\/ar\/?attachment_id=4557\" class=\"wp-image-4557\" srcset=\"https:\/\/aprendiendoenverde.com\/ar\/wp-content\/uploads\/2021\/09\/Conciencia-ambiental-1024x683.jpg 1024w, https:\/\/aprendiendoenverde.com\/ar\/wp-content\/uploads\/2021\/09\/Conciencia-ambiental-300x200.jpg 300w, https:\/\/aprendiendoenverde.com\/ar\/wp-content\/uploads\/2021\/09\/Conciencia-ambiental-768x512.jpg 768w, https:\/\/aprendiendoenverde.com\/ar\/wp-content\/uploads\/2021\/09\/Conciencia-ambiental-1536x1024.jpg 1536w, https:\/\/aprendiendoenverde.com\/ar\/wp-content\/uploads\/2021\/09\/Conciencia-ambiental-1568x1045.jpg 1568w, https:\/\/aprendiendoenverde.com\/ar\/wp-content\/uploads\/2021\/09\/Conciencia-ambiental.jpg 1920w\" sizes=\"auto, (max-width: 1024px) 100vw, 1024px\" \/><\/figure><\/li><\/ul><\/figure>\n\n\n\n<p>El 27 de septiembre de 1993 fallecieron en Buenos Aires siete personas tras una intoxicaci\u00f3n con gas cianh\u00eddrico. En recuerdo y homenaje a estas v\u00edctimas, se eligi\u00f3 esa fecha en Argentina como el \u201cD\u00eda de la Conciencia Ambiental\u201d.<br>En esa oportunidad, en la ciudad de Avellaneda, se produjo esta tragedia cuando diferentes componentes qu\u00edmicos arrojados a los desag\u00fces se combinaron y liberaron un gas letal para los seres humanos.<br>Diversas industrias vertieron de forma ilegal los desechos de su actividad, entre los que se encontraban \u00e1cido sulf\u00farico y sales de cianuro. Estos qu\u00edmicos combinados de forma imprevista formaron \u00e1cido cianh\u00eddrico que al volatilizarse se filtr\u00f3 por la rejilla de un hogar en el barrio bonaerense. All\u00ed fallecieron siete personas en muy poco tiempo: un matrimonio, el hijo de ambos junto a su esposa que acudieron a asistirlos y tres miembros de un servicio de emergencias m\u00e9dicas.<br>Estas muertes no ocurrieron por accidente, sino que fue resultado de negligencia, falta de control y malas pr\u00e1cticas de gesti\u00f3n ambiental al volcar efluentes de forma ilegal y sin tratamiento previo.<br>Este episodio tr\u00e1gico gener\u00f3 un nuevo concepto en nuestro pa\u00eds: el de la \u201cconciencia ambiental\u201d, inevitablemente asociada a acciones respetuosas y responsables, que entiendan la salud ambiental y humana como una sola y que reivindiquen a la educaci\u00f3n ambiental integral como un factor para el cambio social.<br>Dos a\u00f1os despu\u00e9s de ese evento, en 1995, a partir de la Ley 24.605, se decreta este d\u00eda para hacer evidente la necesidad de tomar conciencia sobre como nuestras pr\u00e1cticas pueden generar impactos sobre el ambiente y, consecuentemente, sobre la salud de nuestra poblaci\u00f3n. La importancia de esta fecha reside en hacer visible los v\u00ednculos inseparables entre las actividades humanas y el impacto ambiental.<br>La Constituci\u00f3n Nacional, documento legal fundamental de nuestro pa\u00eds, establece en su art\u00edculo N\u00b0 41 el derecho a un ambiente sano y el deber de preservarlo. Ese derecho abarca a toda la poblaci\u00f3n, as\u00ed como tambi\u00e9n a las generaciones futuras por lo que se debe preservar tambi\u00e9n el futuro para ellas.<br>En pleno siglo XXI es imperioso desarticular el concepto de desarrollo que hemos importado a lo largo de nuestra historia, donde se privilegiaba la producci\u00f3n y el consumo a costa de la explotaci\u00f3n insostenible de nuestros recursos naturales, la acumulaci\u00f3n de desechos, la destrucci\u00f3n de los ecosistemas, el riesgo para la salud y la exclusi\u00f3n social.<br>La conciencia ambiental es parte de una filosof\u00eda de vida, que nos impulsa a actuar de forma responsable con el ambiente y con nosotros\/as mismos\/as.<\/p>\n\n\n\n<p><strong><em>Andrea Truffa<\/em><\/strong><br><strong><em>Prof. de Biolog\u00eda y Comunicadora Ambiental<\/em><\/strong><\/p>\n","protected":false},"excerpt":{"rendered":"<p>El 27 de septiembre de 1993 fallecieron en Buenos Aires siete personas tras una intoxicaci\u00f3n con gas cianh\u00eddrico. En recuerdo y homenaje a estas v\u00edctimas, se eligi\u00f3 esa fecha en Argentina como el \u201cD\u00eda de la Conciencia Ambiental\u201d.En esa oportunidad, en la ciudad de Avellaneda, se produjo esta tragedia cuando diferentes componentes qu\u00edmicos arrojados a &hellip; <\/p>\n<p class=\"link-more\"><a href=\"https:\/\/aprendiendoenverde.com\/ar\/2021\/09\/27\/27-de-septiembre-dia-de-la-conciencia-ambiental\/\" class=\"more-link\">Seguir leyendo<span class=\"screen-reader-text\"> \u00ab27 de septiembre. D\u00eda de la Conciencia Ambiental\u00bb<\/span><\/a><\/p>\n","protected":false},"author":4,"featured_media":4557,"comment_status":"open","ping_status":"open","sticky":false,"template":"","format":"standard","meta":{"footnotes":""},"categories":[5],"tags":[],"class_list":["post-4556","post","type-post","status-publish","format-standard","has-post-thumbnail","hentry","category-calendario-ambiental","entry"],"yoast_head":"<!-- This site is optimized with the Yoast SEO plugin v20.7 - https:\/\/yoast.com\/wordpress\/plugins\/seo\/ -->\n<title>27 de septiembre. D\u00eda de la Conciencia Ambiental | Aprendiendo en Verde<\/title>\n<meta name=\"robots\" content=\"index, follow, max-snippet:-1, max-image-preview:large, max-video-preview:-1\" \/>\n<link rel=\"canonical\" href=\"https:\/\/aprendiendoenverde.com\/ar\/2021\/09\/27\/27-de-septiembre-dia-de-la-conciencia-ambiental\/\" \/>\n<meta property=\"og:locale\" content=\"es_ES\" \/>\n<meta property=\"og:type\" content=\"article\" \/>\n<meta property=\"og:title\" content=\"27 de septiembre. D\u00eda de la Conciencia Ambiental | Aprendiendo en Verde\" \/>\n<meta property=\"og:description\" content=\"El 27 de septiembre de 1993 fallecieron en Buenos Aires siete personas tras una intoxicaci\u00f3n con gas cianh\u00eddrico. En recuerdo y homenaje a estas v\u00edctimas, se eligi\u00f3 esa fecha en Argentina como el \u201cD\u00eda de la Conciencia Ambiental\u201d.En esa oportunidad, en la ciudad de Avellaneda, se produjo esta tragedia cuando diferentes componentes qu\u00edmicos arrojados a &hellip; Seguir leyendo \u00ab27 de septiembre. D\u00eda de la Conciencia Ambiental\u00bb\" \/>\n<meta property=\"og:url\" content=\"https:\/\/aprendiendoenverde.com\/ar\/2021\/09\/27\/27-de-septiembre-dia-de-la-conciencia-ambiental\/\" \/>\n<meta property=\"og:site_name\" content=\"Aprendiendo en Verde\" \/>\n<meta property=\"article:published_time\" content=\"2021-09-27T05:00:00+00:00\" \/>\n<meta property=\"article:modified_time\" content=\"2021-09-26T22:59:36+00:00\" \/>\n<meta property=\"og:image\" content=\"https:\/\/aprendiendoenverde.com\/ar\/wp-content\/uploads\/2021\/09\/Conciencia-ambiental.jpg\" \/>\n\t<meta property=\"og:image:width\" content=\"1920\" \/>\n\t<meta property=\"og:image:height\" content=\"1280\" \/>\n\t<meta property=\"og:image:type\" content=\"image\/jpeg\" \/>\n<meta name=\"author\" content=\"Fundaci\u00f3n Espacios Verdes\" \/>\n<meta name=\"twitter:card\" content=\"summary_large_image\" \/>\n<meta name=\"twitter:label1\" content=\"Escrito por\" \/>\n\t<meta name=\"twitter:data1\" content=\"Fundaci\u00f3n Espacios Verdes\" \/>\n\t<meta name=\"twitter:label2\" content=\"Tiempo de lectura\" \/>\n\t<meta name=\"twitter:data2\" content=\"3 minutos\" \/>\n<script type=\"application\/ld+json\" class=\"yoast-schema-graph\">{\"@context\":\"https:\/\/schema.org\",\"@graph\":[{\"@type\":\"Article\",\"@id\":\"https:\/\/aprendiendoenverde.com\/ar\/2021\/09\/27\/27-de-septiembre-dia-de-la-conciencia-ambiental\/#article\",\"isPartOf\":{\"@id\":\"https:\/\/aprendiendoenverde.com\/ar\/2021\/09\/27\/27-de-septiembre-dia-de-la-conciencia-ambiental\/\"},\"author\":{\"name\":\"Fundaci\u00f3n Espacios Verdes\",\"@id\":\"https:\/\/aprendiendoenverde.com\/ar\/#\/schema\/person\/d9fd5a9ff7c91ad8f5b2d396fbf2c658\"},\"headline\":\"27 de septiembre. D\u00eda de la Conciencia Ambiental\",\"datePublished\":\"2021-09-27T05:00:00+00:00\",\"dateModified\":\"2021-09-26T22:59:36+00:00\",\"mainEntityOfPage\":{\"@id\":\"https:\/\/aprendiendoenverde.com\/ar\/2021\/09\/27\/27-de-septiembre-dia-de-la-conciencia-ambiental\/\"},\"wordCount\":467,\"commentCount\":0,\"publisher\":{\"@id\":\"https:\/\/aprendiendoenverde.com\/ar\/#organization\"},\"articleSection\":[\"Calendario Ambiental\"],\"inLanguage\":\"es\",\"potentialAction\":[{\"@type\":\"CommentAction\",\"name\":\"Comment\",\"target\":[\"https:\/\/aprendiendoenverde.com\/ar\/2021\/09\/27\/27-de-septiembre-dia-de-la-conciencia-ambiental\/#respond\"]}]},{\"@type\":\"WebPage\",\"@id\":\"https:\/\/aprendiendoenverde.com\/ar\/2021\/09\/27\/27-de-septiembre-dia-de-la-conciencia-ambiental\/\",\"url\":\"https:\/\/aprendiendoenverde.com\/ar\/2021\/09\/27\/27-de-septiembre-dia-de-la-conciencia-ambiental\/\",\"name\":\"27 de septiembre. D\u00eda de la Conciencia Ambiental | Aprendiendo en Verde\",\"isPartOf\":{\"@id\":\"https:\/\/aprendiendoenverde.com\/ar\/#website\"},\"datePublished\":\"2021-09-27T05:00:00+00:00\",\"dateModified\":\"2021-09-26T22:59:36+00:00\",\"breadcrumb\":{\"@id\":\"https:\/\/aprendiendoenverde.com\/ar\/2021\/09\/27\/27-de-septiembre-dia-de-la-conciencia-ambiental\/#breadcrumb\"},\"inLanguage\":\"es\",\"potentialAction\":[{\"@type\":\"ReadAction\",\"target\":[\"https:\/\/aprendiendoenverde.com\/ar\/2021\/09\/27\/27-de-septiembre-dia-de-la-conciencia-ambiental\/\"]}]},{\"@type\":\"BreadcrumbList\",\"@id\":\"https:\/\/aprendiendoenverde.com\/ar\/2021\/09\/27\/27-de-septiembre-dia-de-la-conciencia-ambiental\/#breadcrumb\",\"itemListElement\":[{\"@type\":\"ListItem\",\"position\":1,\"name\":\"Home\",\"item\":\"https:\/\/aprendiendoenverde.com\/ar\/\"},{\"@type\":\"ListItem\",\"position\":2,\"name\":\"27 de septiembre. D\u00eda de la Conciencia Ambiental\"}]},{\"@type\":\"WebSite\",\"@id\":\"https:\/\/aprendiendoenverde.com\/ar\/#website\",\"url\":\"https:\/\/aprendiendoenverde.com\/ar\/\",\"name\":\"Aprendiendo en Verde\",\"description\":\"Educaci\u00f3n y Gesti\u00f3n Ambiental\",\"publisher\":{\"@id\":\"https:\/\/aprendiendoenverde.com\/ar\/#organization\"},\"potentialAction\":[{\"@type\":\"SearchAction\",\"target\":{\"@type\":\"EntryPoint\",\"urlTemplate\":\"https:\/\/aprendiendoenverde.com\/ar\/?s={search_term_string}\"},\"query-input\":\"required name=search_term_string\"}],\"inLanguage\":\"es\"},{\"@type\":\"Organization\",\"@id\":\"https:\/\/aprendiendoenverde.com\/ar\/#organization\",\"name\":\"Aprendiendo en Verde\",\"url\":\"https:\/\/aprendiendoenverde.com\/ar\/\",\"logo\":{\"@type\":\"ImageObject\",\"inLanguage\":\"es\",\"@id\":\"https:\/\/aprendiendoenverde.com\/ar\/#\/schema\/logo\/image\/\",\"url\":\"https:\/\/aprendiendoenverde.com\/ar\/wp-content\/uploads\/2021\/02\/cropped-logo-forma-circular.png\",\"contentUrl\":\"https:\/\/aprendiendoenverde.com\/ar\/wp-content\/uploads\/2021\/02\/cropped-logo-forma-circular.png\",\"width\":512,\"height\":512,\"caption\":\"Aprendiendo en Verde\"},\"image\":{\"@id\":\"https:\/\/aprendiendoenverde.com\/ar\/#\/schema\/logo\/image\/\"}},{\"@type\":\"Person\",\"@id\":\"https:\/\/aprendiendoenverde.com\/ar\/#\/schema\/person\/d9fd5a9ff7c91ad8f5b2d396fbf2c658\",\"name\":\"Fundaci\u00f3n Espacios Verdes\",\"image\":{\"@type\":\"ImageObject\",\"inLanguage\":\"es\",\"@id\":\"https:\/\/aprendiendoenverde.com\/ar\/#\/schema\/person\/image\/\",\"url\":\"https:\/\/secure.gravatar.com\/avatar\/368e7adb07f2c6c97adee9094e17b548106924373587955967f47cf59989947a?s=96&d=mm&r=g\",\"contentUrl\":\"https:\/\/secure.gravatar.com\/avatar\/368e7adb07f2c6c97adee9094e17b548106924373587955967f47cf59989947a?s=96&d=mm&r=g\",\"caption\":\"Fundaci\u00f3n Espacios Verdes\"},\"sameAs\":[\"http:\/\/www.fev.org.ar\"],\"url\":\"https:\/\/aprendiendoenverde.com\/ar\/author\/fev\/\"}]}<\/script>\n<!-- \/ Yoast SEO plugin. -->","yoast_head_json":{"title":"27 de septiembre. D\u00eda de la Conciencia Ambiental | Aprendiendo en Verde","robots":{"index":"index","follow":"follow","max-snippet":"max-snippet:-1","max-image-preview":"max-image-preview:large","max-video-preview":"max-video-preview:-1"},"canonical":"https:\/\/aprendiendoenverde.com\/ar\/2021\/09\/27\/27-de-septiembre-dia-de-la-conciencia-ambiental\/","og_locale":"es_ES","og_type":"article","og_title":"27 de septiembre. D\u00eda de la Conciencia Ambiental | Aprendiendo en Verde","og_description":"El 27 de septiembre de 1993 fallecieron en Buenos Aires siete personas tras una intoxicaci\u00f3n con gas cianh\u00eddrico. En recuerdo y homenaje a estas v\u00edctimas, se eligi\u00f3 esa fecha en Argentina como el \u201cD\u00eda de la Conciencia Ambiental\u201d.En esa oportunidad, en la ciudad de Avellaneda, se produjo esta tragedia cuando diferentes componentes qu\u00edmicos arrojados a &hellip; Seguir leyendo \u00ab27 de septiembre. D\u00eda de la Conciencia Ambiental\u00bb","og_url":"https:\/\/aprendiendoenverde.com\/ar\/2021\/09\/27\/27-de-septiembre-dia-de-la-conciencia-ambiental\/","og_site_name":"Aprendiendo en Verde","article_published_time":"2021-09-27T05:00:00+00:00","article_modified_time":"2021-09-26T22:59:36+00:00","og_image":[{"width":1920,"height":1280,"url":"https:\/\/aprendiendoenverde.com\/ar\/wp-content\/uploads\/2021\/09\/Conciencia-ambiental.jpg","type":"image\/jpeg"}],"author":"Fundaci\u00f3n Espacios Verdes","twitter_card":"summary_large_image","twitter_misc":{"Escrito por":"Fundaci\u00f3n Espacios Verdes","Tiempo de lectura":"3 minutos"},"schema":{"@context":"https:\/\/schema.org","@graph":[{"@type":"Article","@id":"https:\/\/aprendiendoenverde.com\/ar\/2021\/09\/27\/27-de-septiembre-dia-de-la-conciencia-ambiental\/#article","isPartOf":{"@id":"https:\/\/aprendiendoenverde.com\/ar\/2021\/09\/27\/27-de-septiembre-dia-de-la-conciencia-ambiental\/"},"author":{"name":"Fundaci\u00f3n Espacios Verdes","@id":"https:\/\/aprendiendoenverde.com\/ar\/#\/schema\/person\/d9fd5a9ff7c91ad8f5b2d396fbf2c658"},"headline":"27 de septiembre. D\u00eda de la Conciencia Ambiental","datePublished":"2021-09-27T05:00:00+00:00","dateModified":"2021-09-26T22:59:36+00:00","mainEntityOfPage":{"@id":"https:\/\/aprendiendoenverde.com\/ar\/2021\/09\/27\/27-de-septiembre-dia-de-la-conciencia-ambiental\/"},"wordCount":467,"commentCount":0,"publisher":{"@id":"https:\/\/aprendiendoenverde.com\/ar\/#organization"},"articleSection":["Calendario Ambiental"],"inLanguage":"es","potentialAction":[{"@type":"CommentAction","name":"Comment","target":["https:\/\/aprendiendoenverde.com\/ar\/2021\/09\/27\/27-de-septiembre-dia-de-la-conciencia-ambiental\/#respond"]}]},{"@type":"WebPage","@id":"https:\/\/aprendiendoenverde.com\/ar\/2021\/09\/27\/27-de-septiembre-dia-de-la-conciencia-ambiental\/","url":"https:\/\/aprendiendoenverde.com\/ar\/2021\/09\/27\/27-de-septiembre-dia-de-la-conciencia-ambiental\/","name":"27 de septiembre. D\u00eda de la Conciencia Ambiental | Aprendiendo en Verde","isPartOf":{"@id":"https:\/\/aprendiendoenverde.com\/ar\/#website"},"datePublished":"2021-09-27T05:00:00+00:00","dateModified":"2021-09-26T22:59:36+00:00","breadcrumb":{"@id":"https:\/\/aprendiendoenverde.com\/ar\/2021\/09\/27\/27-de-septiembre-dia-de-la-conciencia-ambiental\/#breadcrumb"},"inLanguage":"es","potentialAction":[{"@type":"ReadAction","target":["https:\/\/aprendiendoenverde.com\/ar\/2021\/09\/27\/27-de-septiembre-dia-de-la-conciencia-ambiental\/"]}]},{"@type":"BreadcrumbList","@id":"https:\/\/aprendiendoenverde.com\/ar\/2021\/09\/27\/27-de-septiembre-dia-de-la-conciencia-ambiental\/#breadcrumb","itemListElement":[{"@type":"ListItem","position":1,"name":"Home","item":"https:\/\/aprendiendoenverde.com\/ar\/"},{"@type":"ListItem","position":2,"name":"27 de septiembre. D\u00eda de la Conciencia Ambiental"}]},{"@type":"WebSite","@id":"https:\/\/aprendiendoenverde.com\/ar\/#website","url":"https:\/\/aprendiendoenverde.com\/ar\/","name":"Aprendiendo en Verde","description":"Educaci\u00f3n y Gesti\u00f3n Ambiental","publisher":{"@id":"https:\/\/aprendiendoenverde.com\/ar\/#organization"},"potentialAction":[{"@type":"SearchAction","target":{"@type":"EntryPoint","urlTemplate":"https:\/\/aprendiendoenverde.com\/ar\/?s={search_term_string}"},"query-input":"required name=search_term_string"}],"inLanguage":"es"},{"@type":"Organization","@id":"https:\/\/aprendiendoenverde.com\/ar\/#organization","name":"Aprendiendo en Verde","url":"https:\/\/aprendiendoenverde.com\/ar\/","logo":{"@type":"ImageObject","inLanguage":"es","@id":"https:\/\/aprendiendoenverde.com\/ar\/#\/schema\/logo\/image\/","url":"https:\/\/aprendiendoenverde.com\/ar\/wp-content\/uploads\/2021\/02\/cropped-logo-forma-circular.png","contentUrl":"https:\/\/aprendiendoenverde.com\/ar\/wp-content\/uploads\/2021\/02\/cropped-logo-forma-circular.png","width":512,"height":512,"caption":"Aprendiendo en Verde"},"image":{"@id":"https:\/\/aprendiendoenverde.com\/ar\/#\/schema\/logo\/image\/"}},{"@type":"Person","@id":"https:\/\/aprendiendoenverde.com\/ar\/#\/schema\/person\/d9fd5a9ff7c91ad8f5b2d396fbf2c658","name":"Fundaci\u00f3n Espacios Verdes","image":{"@type":"ImageObject","inLanguage":"es","@id":"https:\/\/aprendiendoenverde.com\/ar\/#\/schema\/person\/image\/","url":"https:\/\/secure.gravatar.com\/avatar\/368e7adb07f2c6c97adee9094e17b548106924373587955967f47cf59989947a?s=96&d=mm&r=g","contentUrl":"https:\/\/secure.gravatar.com\/avatar\/368e7adb07f2c6c97adee9094e17b548106924373587955967f47cf59989947a?s=96&d=mm&r=g","caption":"Fundaci\u00f3n Espacios Verdes"},"sameAs":["http:\/\/www.fev.org.ar"],"url":"https:\/\/aprendiendoenverde.com\/ar\/author\/fev\/"}]}},"_links":{"self":[{"href":"https:\/\/aprendiendoenverde.com\/ar\/wp-json\/wp\/v2\/posts\/4556","targetHints":{"allow":["GET"]}}],"collection":[{"href":"https:\/\/aprendiendoenverde.com\/ar\/wp-json\/wp\/v2\/posts"}],"about":[{"href":"https:\/\/aprendiendoenverde.com\/ar\/wp-json\/wp\/v2\/types\/post"}],"author":[{"embeddable":true,"href":"https:\/\/aprendiendoenverde.com\/ar\/wp-json\/wp\/v2\/users\/4"}],"replies":[{"embeddable":true,"href":"https:\/\/aprendiendoenverde.com\/ar\/wp-json\/wp\/v2\/comments?post=4556"}],"version-history":[{"count":2,"href":"https:\/\/aprendiendoenverde.com\/ar\/wp-json\/wp\/v2\/posts\/4556\/revisions"}],"predecessor-version":[{"id":4559,"href":"https:\/\/aprendiendoenverde.com\/ar\/wp-json\/wp\/v2\/posts\/4556\/revisions\/4559"}],"wp:featuredmedia":[{"embeddable":true,"href":"https:\/\/aprendiendoenverde.com\/ar\/wp-json\/wp\/v2\/media\/4557"}],"wp:attachment":[{"href":"https:\/\/aprendiendoenverde.com\/ar\/wp-json\/wp\/v2\/media?parent=4556"}],"wp:term":[{"taxonomy":"category","embeddable":true,"href":"https:\/\/aprendiendoenverde.com\/ar\/wp-json\/wp\/v2\/categories?post=4556"},{"taxonomy":"post_tag","embeddable":true,"href":"https:\/\/aprendiendoenverde.com\/ar\/wp-json\/wp\/v2\/tags?post=4556"}],"curies":[{"name":"wp","href":"https:\/\/api.w.org\/{rel}","templated":true}]}}