{"id":4088,"date":"2021-08-09T08:06:00","date_gmt":"2021-08-09T08:06:00","guid":{"rendered":"https:\/\/aprendiendoenverde.com\/ar\/?p=4088"},"modified":"2021-08-13T17:10:30","modified_gmt":"2021-08-13T17:10:30","slug":"9-de-agosto-dia-internacional-de-los-pueblos-indigenas","status":"publish","type":"post","link":"https:\/\/aprendiendoenverde.com\/ar\/2021\/08\/09\/9-de-agosto-dia-internacional-de-los-pueblos-indigenas\/","title":{"rendered":"9 de agosto. D\u00eda Internacional de los Pueblos Ind\u00edgenas"},"content":{"rendered":"\n<p>Cada 9 de agosto celebramos el D\u00eda Internacional de los Pueblos Ind\u00edgenas del Mundo por la resoluci\u00f3n 49\/214 del 23 de diciembre de 1994 de la Asamblea General de las Naciones Unidas. Esta fecha coincide con la primera reuni\u00f3n del Grupo de Trabajo de las Naciones Unidas sobre Poblaciones Ind\u00edgenas de la Subcomisi\u00f3n de Promoci\u00f3n y Protecci\u00f3n de los Derechos Humanos en 1982. El a\u00f1o pr\u00f3ximo comenzar\u00e1 otro hito importante para las culturas ind\u00edgenas: la D\u00e9cada de las Lenguas Ind\u00edgenas 2022-2032.<\/p>\n\n\n\n<p>Celebrar y recordar este d\u00eda cada a\u00f1o es una oportunidad m\u00e1s para crear conciencia sobre la situaci\u00f3n precaria en la que viven los pueblos ind\u00edgenas de todo el mundo y es sumamente importante para este momento en que vivimos una pandemia a nivel mundial donde las desigualdades quedan m\u00e1s expuestas que nunca: Accionar por el derecho a la atenci\u00f3n m\u00e9dica sin discriminaci\u00f3n, el acceso al agua potable, la higiene y la alimentaci\u00f3n segura, as\u00ed como la posibilidad de realizar el aislamiento y cuarentena recomendada. Sin dejar de lado el acceso a la informaci\u00f3n oficial respecto a los protocolos vigentes.<\/p>\n\n\n\n<p>Las comunidades ind\u00edgenas han sido reconocidas en muchos art\u00edculos de diferentes leyes y tratados, donde se destaca el derecho y el respeto a sus conocimientos sobre la Tierra y la Biodiversidad. Han sido alcanzados por distintas normativas a nivel internacional y nacional sobre la valorizaci\u00f3n de su lengua, cultura y sabidur\u00eda. Aun as\u00ed, sus lenguas se encuentran en una situaci\u00f3n vulnerable de desaparici\u00f3n ya que muchas de ellas no se ense\u00f1an en la escuela ni se utilizan en la esfera p\u00fablica.&nbsp;<\/p>\n\n\n\n<p>Hoy, estos pueblos, se encuentran amenazados por la industria minera que arrasa no solo con sus tierras, tambi\u00e9n con el agua que beben y el aire que respiran.<\/p>\n\n\n\n<p>Seg\u00fan las Naciones Unidas, hay m\u00e1s de 476 millones de pueblos ind\u00edgenas que viven en 90 pa\u00edses de todo el mundo, representando el 6,2 % de la poblaci\u00f3n mundial.&nbsp;<\/p>\n\n\n\n<p>Poseen diversidad de culturas, tradiciones, idiomas y conceptos de desarrollo basados en sus propias cosmovisiones y prioridades. Este organismo declara que el 47% de todas las personas ind\u00edgenas que trabajan no tienen educaci\u00f3n, frente al 17 por ciento de sus hom\u00f3logos no ind\u00edgenas y esta brecha es a\u00fan mayor en el caso de las mujeres.<\/p>\n\n\n\n<p>En Argentina se han registrado 45 pueblos ind\u00edgenas que viven en m\u00e1s de 1676 comunidades, seg\u00fan un informe elaborado por el Instituto Nacional de Asuntos Ind\u00edgenas en 2019.<\/p>\n\n\n\n<p>Recordemos y hagamos cumplir el Art\u00edculo 75 de la Constituci\u00f3n Nacional Argentina, inciso 17 donde podemos leer el valor que se otorga a los pueblos que habitan la Naci\u00f3n:<\/p>\n\n\n\n<p>\u201c17. Reconocer la preexistencia \u00e9tnica y cultural de los pueblos ind\u00edgenas argentinos.<\/p>\n\n\n\n<p>Garantizar el respeto a su identidad y el derecho a una educaci\u00f3n biling\u00fce e intercultural; reconocer la personer\u00eda Jur\u00eddica de sus comunidades, y la posesi\u00f3n y propiedad comunitarias de las tierras que tradicionalmente ocupan; y regular la entrega de otras aptas y suficientes para el desarrollo humano; ninguna de ellas ser\u00e1 enajenable, transmisible ni susceptible de grav\u00e1menes o embargos. Asegurar su participaci\u00f3n en la gesti\u00f3n referida a sus recursos naturales y a los dem\u00e1s intereses que los afecten. Las provincias pueden ejercer concurrentemente estas atribuciones.\u201d<\/p>\n\n\n\n<p>\u00a1Con todo respeto! Reivindicar a los pueblos ind\u00edgenas es un deber y una deuda despu\u00e9s de a\u00f1os de lucha donde se les ha quitado todo, desde sus tierras e identidad hasta sus derechos de vivir plenamente en igualdad con otros habitantes del mundo. Cuando han sido diezmados, negados e invisibilizados.<\/p>\n\n\n\n<p>M\u00e1s informaci\u00f3n:<\/p>\n\n\n\n<p><a href=\"https:\/\/www.argentina.gob.ar\/derechoshumanos\/inai\/normativa\">https:\/\/www.argentina.gob.ar\/derechoshumanos\/inai\/normativa<\/a><\/p>\n\n\n\n<p><a href=\"https:\/\/es.unesco.org\/commemorations\/indigenouspeoplesday\">https:\/\/es.unesco.org\/commemorations\/indigenouspeoplesday<\/a><\/p>\n\n\n\n<p><a href=\"https:\/\/www.un.org\/es\/observances\/indigenous-day\">https:\/\/www.un.org\/es\/observances\/indigenous-day<\/a>\u00a0<a href=\"https:\/\/www.cultura.gob.ar\/dia-internacional-de-los-pueblos-indigenas-9345\/\">https:\/\/www.cultura.gob.ar\/dia-internacional-de-los-pueblos-indigenas-9345\/<\/a><\/p>\n\n\n\n<p><\/p>\n\n\n\n<p><strong><em>Laura Ruiz <\/em><\/strong><\/p>\n\n\n\n<p><strong><em>T\u00e9cnica Universitaria en Gesti\u00f3n, Manejo y Conservaci\u00f3n de la Biodiversidad. Naturalista y Educadora Ambiental.<\/em><\/strong><\/p>\n","protected":false},"excerpt":{"rendered":"<p>Cada 9 de agosto celebramos el D\u00eda Internacional de los Pueblos Ind\u00edgenas del Mundo por la resoluci\u00f3n 49\/214 del 23 de diciembre de 1994 de la Asamblea General de las Naciones Unidas. Esta fecha coincide con la primera reuni\u00f3n del Grupo de Trabajo de las Naciones Unidas sobre Poblaciones Ind\u00edgenas de la Subcomisi\u00f3n de Promoci\u00f3n &hellip; <\/p>\n<p class=\"link-more\"><a href=\"https:\/\/aprendiendoenverde.com\/ar\/2021\/08\/09\/9-de-agosto-dia-internacional-de-los-pueblos-indigenas\/\" class=\"more-link\">Seguir leyendo<span class=\"screen-reader-text\"> \u00ab9 de agosto. D\u00eda Internacional de los Pueblos Ind\u00edgenas\u00bb<\/span><\/a><\/p>\n","protected":false},"author":4,"featured_media":4089,"comment_status":"open","ping_status":"open","sticky":false,"template":"","format":"standard","meta":{"footnotes":""},"categories":[5],"tags":[],"class_list":["post-4088","post","type-post","status-publish","format-standard","has-post-thumbnail","hentry","category-calendario-ambiental","entry"],"yoast_head":"<!-- This site is optimized with the Yoast SEO plugin v20.7 - https:\/\/yoast.com\/wordpress\/plugins\/seo\/ -->\n<title>9 de agosto. D\u00eda Internacional de los Pueblos Ind\u00edgenas | Aprendiendo en Verde<\/title>\n<meta name=\"robots\" content=\"index, follow, max-snippet:-1, max-image-preview:large, max-video-preview:-1\" \/>\n<link rel=\"canonical\" href=\"https:\/\/aprendiendoenverde.com\/ar\/2021\/08\/09\/9-de-agosto-dia-internacional-de-los-pueblos-indigenas\/\" \/>\n<meta property=\"og:locale\" content=\"es_ES\" \/>\n<meta property=\"og:type\" content=\"article\" \/>\n<meta property=\"og:title\" content=\"9 de agosto. D\u00eda Internacional de los Pueblos Ind\u00edgenas | Aprendiendo en Verde\" \/>\n<meta property=\"og:description\" content=\"Cada 9 de agosto celebramos el D\u00eda Internacional de los Pueblos Ind\u00edgenas del Mundo por la resoluci\u00f3n 49\/214 del 23 de diciembre de 1994 de la Asamblea General de las Naciones Unidas. Esta fecha coincide con la primera reuni\u00f3n del Grupo de Trabajo de las Naciones Unidas sobre Poblaciones Ind\u00edgenas de la Subcomisi\u00f3n de Promoci\u00f3n &hellip; Seguir leyendo \u00ab9 de agosto. D\u00eda Internacional de los Pueblos Ind\u00edgenas\u00bb\" \/>\n<meta property=\"og:url\" content=\"https:\/\/aprendiendoenverde.com\/ar\/2021\/08\/09\/9-de-agosto-dia-internacional-de-los-pueblos-indigenas\/\" \/>\n<meta property=\"og:site_name\" content=\"Aprendiendo en Verde\" \/>\n<meta property=\"article:published_time\" content=\"2021-08-09T08:06:00+00:00\" \/>\n<meta property=\"article:modified_time\" content=\"2021-08-13T17:10:30+00:00\" \/>\n<meta property=\"og:image\" content=\"https:\/\/aprendiendoenverde.com\/ar\/wp-content\/uploads\/2021\/08\/post-9_8.jpg\" \/>\n\t<meta property=\"og:image:width\" content=\"1024\" \/>\n\t<meta property=\"og:image:height\" content=\"513\" \/>\n\t<meta property=\"og:image:type\" content=\"image\/jpeg\" \/>\n<meta name=\"author\" content=\"Fundaci\u00f3n Espacios Verdes\" \/>\n<meta name=\"twitter:card\" content=\"summary_large_image\" \/>\n<meta name=\"twitter:label1\" content=\"Escrito por\" \/>\n\t<meta name=\"twitter:data1\" content=\"Fundaci\u00f3n Espacios Verdes\" \/>\n\t<meta name=\"twitter:label2\" content=\"Tiempo de lectura\" \/>\n\t<meta name=\"twitter:data2\" content=\"3 minutos\" \/>\n<script type=\"application\/ld+json\" class=\"yoast-schema-graph\">{\"@context\":\"https:\/\/schema.org\",\"@graph\":[{\"@type\":\"Article\",\"@id\":\"https:\/\/aprendiendoenverde.com\/ar\/2021\/08\/09\/9-de-agosto-dia-internacional-de-los-pueblos-indigenas\/#article\",\"isPartOf\":{\"@id\":\"https:\/\/aprendiendoenverde.com\/ar\/2021\/08\/09\/9-de-agosto-dia-internacional-de-los-pueblos-indigenas\/\"},\"author\":{\"name\":\"Fundaci\u00f3n Espacios Verdes\",\"@id\":\"https:\/\/aprendiendoenverde.com\/ar\/#\/schema\/person\/d9fd5a9ff7c91ad8f5b2d396fbf2c658\"},\"headline\":\"9 de agosto. D\u00eda Internacional de los Pueblos Ind\u00edgenas\",\"datePublished\":\"2021-08-09T08:06:00+00:00\",\"dateModified\":\"2021-08-13T17:10:30+00:00\",\"mainEntityOfPage\":{\"@id\":\"https:\/\/aprendiendoenverde.com\/ar\/2021\/08\/09\/9-de-agosto-dia-internacional-de-los-pueblos-indigenas\/\"},\"wordCount\":685,\"commentCount\":0,\"publisher\":{\"@id\":\"https:\/\/aprendiendoenverde.com\/ar\/#organization\"},\"articleSection\":[\"Calendario Ambiental\"],\"inLanguage\":\"es\",\"potentialAction\":[{\"@type\":\"CommentAction\",\"name\":\"Comment\",\"target\":[\"https:\/\/aprendiendoenverde.com\/ar\/2021\/08\/09\/9-de-agosto-dia-internacional-de-los-pueblos-indigenas\/#respond\"]}]},{\"@type\":\"WebPage\",\"@id\":\"https:\/\/aprendiendoenverde.com\/ar\/2021\/08\/09\/9-de-agosto-dia-internacional-de-los-pueblos-indigenas\/\",\"url\":\"https:\/\/aprendiendoenverde.com\/ar\/2021\/08\/09\/9-de-agosto-dia-internacional-de-los-pueblos-indigenas\/\",\"name\":\"9 de agosto. D\u00eda Internacional de los Pueblos Ind\u00edgenas | Aprendiendo en Verde\",\"isPartOf\":{\"@id\":\"https:\/\/aprendiendoenverde.com\/ar\/#website\"},\"datePublished\":\"2021-08-09T08:06:00+00:00\",\"dateModified\":\"2021-08-13T17:10:30+00:00\",\"breadcrumb\":{\"@id\":\"https:\/\/aprendiendoenverde.com\/ar\/2021\/08\/09\/9-de-agosto-dia-internacional-de-los-pueblos-indigenas\/#breadcrumb\"},\"inLanguage\":\"es\",\"potentialAction\":[{\"@type\":\"ReadAction\",\"target\":[\"https:\/\/aprendiendoenverde.com\/ar\/2021\/08\/09\/9-de-agosto-dia-internacional-de-los-pueblos-indigenas\/\"]}]},{\"@type\":\"BreadcrumbList\",\"@id\":\"https:\/\/aprendiendoenverde.com\/ar\/2021\/08\/09\/9-de-agosto-dia-internacional-de-los-pueblos-indigenas\/#breadcrumb\",\"itemListElement\":[{\"@type\":\"ListItem\",\"position\":1,\"name\":\"Home\",\"item\":\"https:\/\/aprendiendoenverde.com\/ar\/\"},{\"@type\":\"ListItem\",\"position\":2,\"name\":\"9 de agosto. D\u00eda Internacional de los Pueblos Ind\u00edgenas\"}]},{\"@type\":\"WebSite\",\"@id\":\"https:\/\/aprendiendoenverde.com\/ar\/#website\",\"url\":\"https:\/\/aprendiendoenverde.com\/ar\/\",\"name\":\"Aprendiendo en Verde\",\"description\":\"Educaci\u00f3n y Gesti\u00f3n Ambiental\",\"publisher\":{\"@id\":\"https:\/\/aprendiendoenverde.com\/ar\/#organization\"},\"potentialAction\":[{\"@type\":\"SearchAction\",\"target\":{\"@type\":\"EntryPoint\",\"urlTemplate\":\"https:\/\/aprendiendoenverde.com\/ar\/?s={search_term_string}\"},\"query-input\":\"required name=search_term_string\"}],\"inLanguage\":\"es\"},{\"@type\":\"Organization\",\"@id\":\"https:\/\/aprendiendoenverde.com\/ar\/#organization\",\"name\":\"Aprendiendo en Verde\",\"url\":\"https:\/\/aprendiendoenverde.com\/ar\/\",\"logo\":{\"@type\":\"ImageObject\",\"inLanguage\":\"es\",\"@id\":\"https:\/\/aprendiendoenverde.com\/ar\/#\/schema\/logo\/image\/\",\"url\":\"https:\/\/aprendiendoenverde.com\/ar\/wp-content\/uploads\/2021\/02\/cropped-logo-forma-circular.png\",\"contentUrl\":\"https:\/\/aprendiendoenverde.com\/ar\/wp-content\/uploads\/2021\/02\/cropped-logo-forma-circular.png\",\"width\":512,\"height\":512,\"caption\":\"Aprendiendo en Verde\"},\"image\":{\"@id\":\"https:\/\/aprendiendoenverde.com\/ar\/#\/schema\/logo\/image\/\"}},{\"@type\":\"Person\",\"@id\":\"https:\/\/aprendiendoenverde.com\/ar\/#\/schema\/person\/d9fd5a9ff7c91ad8f5b2d396fbf2c658\",\"name\":\"Fundaci\u00f3n Espacios Verdes\",\"image\":{\"@type\":\"ImageObject\",\"inLanguage\":\"es\",\"@id\":\"https:\/\/aprendiendoenverde.com\/ar\/#\/schema\/person\/image\/\",\"url\":\"https:\/\/secure.gravatar.com\/avatar\/368e7adb07f2c6c97adee9094e17b548106924373587955967f47cf59989947a?s=96&d=mm&r=g\",\"contentUrl\":\"https:\/\/secure.gravatar.com\/avatar\/368e7adb07f2c6c97adee9094e17b548106924373587955967f47cf59989947a?s=96&d=mm&r=g\",\"caption\":\"Fundaci\u00f3n Espacios Verdes\"},\"sameAs\":[\"http:\/\/www.fev.org.ar\"],\"url\":\"https:\/\/aprendiendoenverde.com\/ar\/author\/fev\/\"}]}<\/script>\n<!-- \/ Yoast SEO plugin. -->","yoast_head_json":{"title":"9 de agosto. D\u00eda Internacional de los Pueblos Ind\u00edgenas | Aprendiendo en Verde","robots":{"index":"index","follow":"follow","max-snippet":"max-snippet:-1","max-image-preview":"max-image-preview:large","max-video-preview":"max-video-preview:-1"},"canonical":"https:\/\/aprendiendoenverde.com\/ar\/2021\/08\/09\/9-de-agosto-dia-internacional-de-los-pueblos-indigenas\/","og_locale":"es_ES","og_type":"article","og_title":"9 de agosto. D\u00eda Internacional de los Pueblos Ind\u00edgenas | Aprendiendo en Verde","og_description":"Cada 9 de agosto celebramos el D\u00eda Internacional de los Pueblos Ind\u00edgenas del Mundo por la resoluci\u00f3n 49\/214 del 23 de diciembre de 1994 de la Asamblea General de las Naciones Unidas. Esta fecha coincide con la primera reuni\u00f3n del Grupo de Trabajo de las Naciones Unidas sobre Poblaciones Ind\u00edgenas de la Subcomisi\u00f3n de Promoci\u00f3n &hellip; Seguir leyendo \u00ab9 de agosto. D\u00eda Internacional de los Pueblos Ind\u00edgenas\u00bb","og_url":"https:\/\/aprendiendoenverde.com\/ar\/2021\/08\/09\/9-de-agosto-dia-internacional-de-los-pueblos-indigenas\/","og_site_name":"Aprendiendo en Verde","article_published_time":"2021-08-09T08:06:00+00:00","article_modified_time":"2021-08-13T17:10:30+00:00","og_image":[{"width":1024,"height":513,"url":"https:\/\/aprendiendoenverde.com\/ar\/wp-content\/uploads\/2021\/08\/post-9_8.jpg","type":"image\/jpeg"}],"author":"Fundaci\u00f3n Espacios Verdes","twitter_card":"summary_large_image","twitter_misc":{"Escrito por":"Fundaci\u00f3n Espacios Verdes","Tiempo de lectura":"3 minutos"},"schema":{"@context":"https:\/\/schema.org","@graph":[{"@type":"Article","@id":"https:\/\/aprendiendoenverde.com\/ar\/2021\/08\/09\/9-de-agosto-dia-internacional-de-los-pueblos-indigenas\/#article","isPartOf":{"@id":"https:\/\/aprendiendoenverde.com\/ar\/2021\/08\/09\/9-de-agosto-dia-internacional-de-los-pueblos-indigenas\/"},"author":{"name":"Fundaci\u00f3n Espacios Verdes","@id":"https:\/\/aprendiendoenverde.com\/ar\/#\/schema\/person\/d9fd5a9ff7c91ad8f5b2d396fbf2c658"},"headline":"9 de agosto. D\u00eda Internacional de los Pueblos Ind\u00edgenas","datePublished":"2021-08-09T08:06:00+00:00","dateModified":"2021-08-13T17:10:30+00:00","mainEntityOfPage":{"@id":"https:\/\/aprendiendoenverde.com\/ar\/2021\/08\/09\/9-de-agosto-dia-internacional-de-los-pueblos-indigenas\/"},"wordCount":685,"commentCount":0,"publisher":{"@id":"https:\/\/aprendiendoenverde.com\/ar\/#organization"},"articleSection":["Calendario Ambiental"],"inLanguage":"es","potentialAction":[{"@type":"CommentAction","name":"Comment","target":["https:\/\/aprendiendoenverde.com\/ar\/2021\/08\/09\/9-de-agosto-dia-internacional-de-los-pueblos-indigenas\/#respond"]}]},{"@type":"WebPage","@id":"https:\/\/aprendiendoenverde.com\/ar\/2021\/08\/09\/9-de-agosto-dia-internacional-de-los-pueblos-indigenas\/","url":"https:\/\/aprendiendoenverde.com\/ar\/2021\/08\/09\/9-de-agosto-dia-internacional-de-los-pueblos-indigenas\/","name":"9 de agosto. D\u00eda Internacional de los Pueblos Ind\u00edgenas | Aprendiendo en Verde","isPartOf":{"@id":"https:\/\/aprendiendoenverde.com\/ar\/#website"},"datePublished":"2021-08-09T08:06:00+00:00","dateModified":"2021-08-13T17:10:30+00:00","breadcrumb":{"@id":"https:\/\/aprendiendoenverde.com\/ar\/2021\/08\/09\/9-de-agosto-dia-internacional-de-los-pueblos-indigenas\/#breadcrumb"},"inLanguage":"es","potentialAction":[{"@type":"ReadAction","target":["https:\/\/aprendiendoenverde.com\/ar\/2021\/08\/09\/9-de-agosto-dia-internacional-de-los-pueblos-indigenas\/"]}]},{"@type":"BreadcrumbList","@id":"https:\/\/aprendiendoenverde.com\/ar\/2021\/08\/09\/9-de-agosto-dia-internacional-de-los-pueblos-indigenas\/#breadcrumb","itemListElement":[{"@type":"ListItem","position":1,"name":"Home","item":"https:\/\/aprendiendoenverde.com\/ar\/"},{"@type":"ListItem","position":2,"name":"9 de agosto. D\u00eda Internacional de los Pueblos Ind\u00edgenas"}]},{"@type":"WebSite","@id":"https:\/\/aprendiendoenverde.com\/ar\/#website","url":"https:\/\/aprendiendoenverde.com\/ar\/","name":"Aprendiendo en Verde","description":"Educaci\u00f3n y Gesti\u00f3n Ambiental","publisher":{"@id":"https:\/\/aprendiendoenverde.com\/ar\/#organization"},"potentialAction":[{"@type":"SearchAction","target":{"@type":"EntryPoint","urlTemplate":"https:\/\/aprendiendoenverde.com\/ar\/?s={search_term_string}"},"query-input":"required name=search_term_string"}],"inLanguage":"es"},{"@type":"Organization","@id":"https:\/\/aprendiendoenverde.com\/ar\/#organization","name":"Aprendiendo en Verde","url":"https:\/\/aprendiendoenverde.com\/ar\/","logo":{"@type":"ImageObject","inLanguage":"es","@id":"https:\/\/aprendiendoenverde.com\/ar\/#\/schema\/logo\/image\/","url":"https:\/\/aprendiendoenverde.com\/ar\/wp-content\/uploads\/2021\/02\/cropped-logo-forma-circular.png","contentUrl":"https:\/\/aprendiendoenverde.com\/ar\/wp-content\/uploads\/2021\/02\/cropped-logo-forma-circular.png","width":512,"height":512,"caption":"Aprendiendo en Verde"},"image":{"@id":"https:\/\/aprendiendoenverde.com\/ar\/#\/schema\/logo\/image\/"}},{"@type":"Person","@id":"https:\/\/aprendiendoenverde.com\/ar\/#\/schema\/person\/d9fd5a9ff7c91ad8f5b2d396fbf2c658","name":"Fundaci\u00f3n Espacios Verdes","image":{"@type":"ImageObject","inLanguage":"es","@id":"https:\/\/aprendiendoenverde.com\/ar\/#\/schema\/person\/image\/","url":"https:\/\/secure.gravatar.com\/avatar\/368e7adb07f2c6c97adee9094e17b548106924373587955967f47cf59989947a?s=96&d=mm&r=g","contentUrl":"https:\/\/secure.gravatar.com\/avatar\/368e7adb07f2c6c97adee9094e17b548106924373587955967f47cf59989947a?s=96&d=mm&r=g","caption":"Fundaci\u00f3n Espacios Verdes"},"sameAs":["http:\/\/www.fev.org.ar"],"url":"https:\/\/aprendiendoenverde.com\/ar\/author\/fev\/"}]}},"_links":{"self":[{"href":"https:\/\/aprendiendoenverde.com\/ar\/wp-json\/wp\/v2\/posts\/4088","targetHints":{"allow":["GET"]}}],"collection":[{"href":"https:\/\/aprendiendoenverde.com\/ar\/wp-json\/wp\/v2\/posts"}],"about":[{"href":"https:\/\/aprendiendoenverde.com\/ar\/wp-json\/wp\/v2\/types\/post"}],"author":[{"embeddable":true,"href":"https:\/\/aprendiendoenverde.com\/ar\/wp-json\/wp\/v2\/users\/4"}],"replies":[{"embeddable":true,"href":"https:\/\/aprendiendoenverde.com\/ar\/wp-json\/wp\/v2\/comments?post=4088"}],"version-history":[{"count":1,"href":"https:\/\/aprendiendoenverde.com\/ar\/wp-json\/wp\/v2\/posts\/4088\/revisions"}],"predecessor-version":[{"id":4090,"href":"https:\/\/aprendiendoenverde.com\/ar\/wp-json\/wp\/v2\/posts\/4088\/revisions\/4090"}],"wp:featuredmedia":[{"embeddable":true,"href":"https:\/\/aprendiendoenverde.com\/ar\/wp-json\/wp\/v2\/media\/4089"}],"wp:attachment":[{"href":"https:\/\/aprendiendoenverde.com\/ar\/wp-json\/wp\/v2\/media?parent=4088"}],"wp:term":[{"taxonomy":"category","embeddable":true,"href":"https:\/\/aprendiendoenverde.com\/ar\/wp-json\/wp\/v2\/categories?post=4088"},{"taxonomy":"post_tag","embeddable":true,"href":"https:\/\/aprendiendoenverde.com\/ar\/wp-json\/wp\/v2\/tags?post=4088"}],"curies":[{"name":"wp","href":"https:\/\/api.w.org\/{rel}","templated":true}]}}